{"id":2454,"date":"2020-08-24T11:07:45","date_gmt":"2020-08-24T11:07:45","guid":{"rendered":"https:\/\/gvalaw.com\/2020\/08\/24\/suppression-des-actions-au-porteur-quelles-mesures-prendre\/"},"modified":"2021-06-24T15:06:04","modified_gmt":"2021-06-24T15:06:04","slug":"suppression-des-actions-au-porteur-quelles-mesures-prendre-2","status":"publish","type":"post","link":"https:\/\/www.gvalaw.com\/en\/2020\/08\/24\/suppression-des-actions-au-porteur-quelles-mesures-prendre-2\/","title":{"rendered":"Suppression des actions au porteur\u00a0: quelles mesures prendre\u00a0?"},"content":{"rendered":"<div class=\"fusion-fullwidth fullwidth-box fusion-builder-row-1 fusion-flex-container nonhundred-percent-fullwidth non-hundred-percent-height-scrolling\" style=\"background-color: rgba(255,255,255,0);background-position: center center;background-repeat: no-repeat;border-width: 0px 0px 0px 0px;border-color:#eae9e9;border-style:solid;\" ><div class=\"fusion-builder-row fusion-row fusion-flex-align-items-flex-start\" style=\"max-width:1216.8px;margin-left: calc(-4% \/ 2 );margin-right: calc(-4% \/ 2 );\"><div class=\"fusion-layout-column fusion_builder_column fusion-builder-column-0 fusion_builder_column_1_1 1_1 fusion-flex-column\"><div class=\"fusion-column-wrapper fusion-flex-justify-content-flex-start fusion-content-layout-column\" style=\"background-position:left top;background-repeat:no-repeat;-webkit-background-size:cover;-moz-background-size:cover;-o-background-size:cover;background-size:cover;padding: 0px 0px 0px 0px;\"><div class=\"fusion-text fusion-text-1\"><h3>Contexte :<\/h3>\n<p>Le 21 juin 2019, le Parlement a adopt\u00e9 la Loi f\u00e9d\u00e9rale sur la mise en \u0153uvre des recommandations du Forum mondial sur la transparence et l\u2019\u00e9change de renseignements \u00e0 des fins fiscales, qui est entr\u00e9e en vigueur le 1<sup>er<\/sup> novembre 2019. Son adoption fait suite aux pressions exerc\u00e9es par le <a href=\"https:\/\/www.fatf-gafi.org\/fr\/\" target=\"_blank\" rel=\"noopener noreferrer\">Groupe d\u2019action financi\u00e8re (GAFI)<\/a> et le <a href=\"http:\/\/www.oecd.org\/fr\/fiscalite\/forum-mondial-sur-la-transparence-et-l-echange-de-renseignements-a-des-fins-fiscales-suisse-2020-deuxieme-cycle-95b93f09-fr.htm\" target=\"_blank\" rel=\"noopener noreferrer\">Forum mondial sur la transparence et l\u2019\u00e9change de renseignements \u00e0 des fins fiscales (Forum mondial)<\/a>, afin que la Suisse modifie sa r\u00e9glementation relative aux actions au porteur. Ces modifications entra\u00eeneront, \u00e0 terme, la suppression des actions au porteur de nombreuses soci\u00e9t\u00e9s.<\/p>\n<h3>Aper\u00e7u des modifications<\/h3>\n<p>Depuis le 1<sup>er<\/sup> novembre 2019, les actions au porteur ne sont autoris\u00e9es que pour les soci\u00e9t\u00e9s cot\u00e9es en bourse ou lorsqu\u2019elles sont \u00e9mises sous la forme de titres interm\u00e9di\u00e9s au sens de la <a href=\"https:\/\/www.admin.ch\/opc\/fr\/classified-compilation\/20061735\/index.html\" target=\"_blank\" rel=\"noopener noreferrer\">Loi f\u00e9d\u00e9rale sur les titres interm\u00e9di\u00e9s du 3 octobre 2008 (LTI)<\/a> et immobilis\u00e9es aupr\u00e8s d\u2019un d\u00e9positaire central. L\u2019inscription d\u2019une mention au registre du commerce est alors obligatoire dans ces deux hypoth\u00e8ses. Les soci\u00e9t\u00e9s non cot\u00e9es en bourses qui ont des actions au porteur (hormis sous forme de titres interm\u00e9di\u00e9s) doivent, quant \u00e0 elles, <strong>convertir leurs actions en actions nominatives<\/strong>. Un d\u00e9lai de 18 mois qui expirera le 30 avril 2021 s\u2019applique aussi bien \u00e0 l\u2019inscription d\u2019une mention au registre qu\u2019\u00e0 la conversion des actions.<\/p>\n<p>Tout actionnaire qui acquiert des actions d\u2019une soci\u00e9t\u00e9 et atteint ou d\u00e9passe le seuil de <strong>25% du capital-actions ou des droits de vote<\/strong> est tenu d\u2019annoncer \u00e0 la soci\u00e9t\u00e9 dans un d\u00e9lai d\u2019un mois le pr\u00e9nom, le nom et l\u2019adresse de l\u2019ayant droit \u00e9conomique. La soci\u00e9t\u00e9 doit, quant \u00e0 elle, tenir un <strong>registre (liste) des ayants droits \u00e9conomiques<\/strong>. Des sanctions p\u00e9nales sont pr\u00e9vues aussi bien pour l\u2019actionnaire qui omettrait d\u2019annoncer une participation de 25% ou plus au capital-actions d\u2019une soci\u00e9t\u00e9 que pour les membres du conseil d\u2019administration qui ne tiendraient pas de registre des actionnaires et de liste des ayants droits \u00e9conomiques.<\/p>\n<h3>Suppression des actions au porteur<\/h3>\n<p>La suppression des actions au porteur pour les convertir en actions nominatives n\u00e9cessite une <strong>modification des statuts de la soci\u00e9t\u00e9<\/strong>. Si cette conversion n\u2019est pas effectu\u00e9e dans le d\u00e9lai de 18 mois, les actions au porteur seront automatiquement converties en actions nominatives. Une modification des statuts sera alors de toute fa\u00e7on n\u00e9cessaire, sous peine de voir toute inscription de modification ult\u00e9rieure rejet\u00e9e par le registre du commerce.<\/p>\n<h3>Mesures \u00e0 prendre pour les d\u00e9tenteurs d&#8217;actions au porteur<\/h3>\n<p>Les d\u00e9tenteurs d\u2019actions au porteur qui ne se sont pas conform\u00e9s \u00e0 leur obligation d\u2019annonce et dont les actions ont \u00e9t\u00e9 converties en actions nominatives disposent d\u2019un d\u00e9lai de 5 ans d\u00e8s l\u2019entr\u00e9e en vigueur des modifications l\u00e9gales pour demander \u00e0 un tribunal leur <strong>inscription au registre des actions de la soci\u00e9t\u00e9<\/strong>, avec l\u2019accord pr\u00e9alable de cette derni\u00e8re. Pass\u00e9 ce d\u00e9lai, leurs actions seront purement et simplement annul\u00e9es et remplac\u00e9es par des actions propres de la soci\u00e9t\u00e9, les actionnaires se voyant ainsi d\u00e9chus de leurs droits.<\/p>\n<p>Les d\u00e9tenteurs d\u2019actions au porteur seront donc bien avis\u00e9s de s\u2019annoncer dans les meilleurs d\u00e9lais, sous peine de risquer des sanctions p\u00e9nales, de devoir entamer des d\u00e9marches judiciaires ou m\u00eame, \u00e0 terme, de perdre tous leurs droits d\u2019actionnaires.<\/p>\n<p>L\u2019\u00c9tude GVA law vous assiste dans le cadre de ces modifications l\u00e9gislatives. Nos avocats se tiennent \u00e0 votre disposition pour toute question.<\/p>\n<p><a href=\"https:\/\/gvalaw.com\/portfolio-items\/c-zermatten\/\" target=\"_blank\" rel=\"noopener noreferrer\"><strong>Christophe Zermatten<\/strong><\/a>, avocat<\/p>\n<p><a href=\"tel:+41228394466\" target=\"_blank\" rel=\"noopener noreferrer\">+41 22\u00a0839 44 66<\/a><br \/>\n<a href=\"mailto:czermatten@gvalaw.com\" target=\"_blank\" rel=\"noopener noreferrer\">czermatten@gvalaw.com<\/a><\/p>\n<\/div><\/div><style type=\"text\/css\">.fusion-body .fusion-builder-column-0{width:100% !important;margin-top : 0px;margin-bottom : 20px;}.fusion-builder-column-0 > .fusion-column-wrapper {padding-top : 0px !important;padding-right : 0px !important;margin-right : 1.92%;padding-bottom : 0px !important;padding-left : 0px !important;margin-left : 1.92%;}@media only screen and (max-width:1024px) {.fusion-body .fusion-builder-column-0{width:100% !important;order : 0;}.fusion-builder-column-0 > .fusion-column-wrapper {margin-right : 1.92%;margin-left : 1.92%;}}@media only screen and (max-width:850px) {.fusion-body .fusion-builder-column-0{width:100% !important;order : 0;}.fusion-builder-column-0 > .fusion-column-wrapper {margin-right : 1.92%;margin-left : 1.92%;}}<\/style><\/div><\/div><style type=\"text\/css\">.fusion-body .fusion-flex-container.fusion-builder-row-1{ padding-top : 0px;margin-top : 0px;padding-right : 0px;padding-bottom : 0px;margin-bottom : 0px;padding-left : 0px;}<\/style><\/div>\n","protected":false},"excerpt":{"rendered":"","protected":false},"author":4,"featured_media":0,"comment_status":"open","ping_status":"open","sticky":false,"template":"","format":"standard","meta":{"footnotes":""},"categories":[96],"tags":[],"yoast_head":"<!-- This site is optimized with the Yoast SEO plugin v23.5 - https:\/\/yoast.com\/wordpress\/plugins\/seo\/ -->\n<title>Suppression des actions au porteur\u00a0: quelles mesures prendre\u00a0? Articles GVA Law<\/title>\n<meta name=\"description\" content=\"Les modifications l\u00e9gislatives du 1er novembre 2019 entra\u00eeneront, \u00e0 terme, la suppression des actions au porteur de nombreuses soci\u00e9t\u00e9s.\" \/>\n<meta name=\"robots\" content=\"index, follow, max-snippet:-1, max-image-preview:large, max-video-preview:-1\" \/>\n<link rel=\"canonical\" href=\"https:\/\/www.gvalaw.com\/en\/2020\/08\/24\/suppression-des-actions-au-porteur-quelles-mesures-prendre-2\/\" \/>\n<meta property=\"og:locale\" content=\"en_US\" \/>\n<meta property=\"og:type\" content=\"article\" \/>\n<meta property=\"og:title\" content=\"Suppression des actions au porteur\u00a0: quelles mesures prendre\u00a0? Articles GVA Law\" \/>\n<meta property=\"og:description\" content=\"Les modifications l\u00e9gislatives du 1er novembre 2019 entra\u00eeneront, \u00e0 terme, la suppression des actions au porteur de nombreuses soci\u00e9t\u00e9s.\" \/>\n<meta property=\"og:url\" content=\"https:\/\/www.gvalaw.com\/en\/2020\/08\/24\/suppression-des-actions-au-porteur-quelles-mesures-prendre-2\/\" \/>\n<meta property=\"og:site_name\" content=\"Avocats \u00e0 Gen\u00e8ve | GVA law\" \/>\n<meta property=\"article:published_time\" content=\"2020-08-24T11:07:45+00:00\" \/>\n<meta property=\"article:modified_time\" content=\"2021-06-24T15:06:04+00:00\" \/>\n<meta name=\"author\" content=\"Christophe Zermatten\" \/>\n<meta name=\"twitter:card\" content=\"summary_large_image\" \/>\n<meta name=\"twitter:label1\" content=\"Written by\" \/>\n\t<meta name=\"twitter:data1\" content=\"Christophe Zermatten\" \/>\n\t<meta name=\"twitter:label2\" content=\"Est. reading time\" \/>\n\t<meta name=\"twitter:data2\" content=\"4 minutes\" \/>\n<script type=\"application\/ld+json\" class=\"yoast-schema-graph\">{\"@context\":\"https:\/\/schema.org\",\"@graph\":[{\"@type\":\"Article\",\"@id\":\"https:\/\/www.gvalaw.com\/en\/2020\/08\/24\/suppression-des-actions-au-porteur-quelles-mesures-prendre-2\/#article\",\"isPartOf\":{\"@id\":\"https:\/\/www.gvalaw.com\/en\/2020\/08\/24\/suppression-des-actions-au-porteur-quelles-mesures-prendre-2\/\"},\"author\":{\"name\":\"Christophe Zermatten\",\"@id\":\"https:\/\/www.gvalaw.com\/#\/schema\/person\/40a9b395b30459ad4c9b8909e18a9f52\"},\"headline\":\"Suppression des actions au porteur\u00a0: quelles mesures prendre\u00a0?\",\"datePublished\":\"2020-08-24T11:07:45+00:00\",\"dateModified\":\"2021-06-24T15:06:04+00:00\",\"mainEntityOfPage\":{\"@id\":\"https:\/\/www.gvalaw.com\/en\/2020\/08\/24\/suppression-des-actions-au-porteur-quelles-mesures-prendre-2\/\"},\"wordCount\":1224,\"commentCount\":0,\"publisher\":{\"@id\":\"https:\/\/www.gvalaw.com\/#organization\"},\"articleSection\":[\"Corporate\"],\"inLanguage\":\"en-US\",\"potentialAction\":[{\"@type\":\"CommentAction\",\"name\":\"Comment\",\"target\":[\"https:\/\/www.gvalaw.com\/en\/2020\/08\/24\/suppression-des-actions-au-porteur-quelles-mesures-prendre-2\/#respond\"]}]},{\"@type\":\"WebPage\",\"@id\":\"https:\/\/www.gvalaw.com\/en\/2020\/08\/24\/suppression-des-actions-au-porteur-quelles-mesures-prendre-2\/\",\"url\":\"https:\/\/www.gvalaw.com\/en\/2020\/08\/24\/suppression-des-actions-au-porteur-quelles-mesures-prendre-2\/\",\"name\":\"Suppression des actions au porteur\u00a0: quelles mesures prendre\u00a0? Articles GVA Law\",\"isPartOf\":{\"@id\":\"https:\/\/www.gvalaw.com\/#website\"},\"datePublished\":\"2020-08-24T11:07:45+00:00\",\"dateModified\":\"2021-06-24T15:06:04+00:00\",\"description\":\"Les modifications l\u00e9gislatives du 1er novembre 2019 entra\u00eeneront, \u00e0 terme, la suppression des actions au porteur de nombreuses soci\u00e9t\u00e9s.\",\"breadcrumb\":{\"@id\":\"https:\/\/www.gvalaw.com\/en\/2020\/08\/24\/suppression-des-actions-au-porteur-quelles-mesures-prendre-2\/#breadcrumb\"},\"inLanguage\":\"en-US\",\"potentialAction\":[{\"@type\":\"ReadAction\",\"target\":[\"https:\/\/www.gvalaw.com\/en\/2020\/08\/24\/suppression-des-actions-au-porteur-quelles-mesures-prendre-2\/\"]}]},{\"@type\":\"BreadcrumbList\",\"@id\":\"https:\/\/www.gvalaw.com\/en\/2020\/08\/24\/suppression-des-actions-au-porteur-quelles-mesures-prendre-2\/#breadcrumb\",\"itemListElement\":[{\"@type\":\"ListItem\",\"position\":1,\"name\":\"Home\",\"item\":\"https:\/\/www.gvalaw.com\/en\/home\/\"},{\"@type\":\"ListItem\",\"position\":2,\"name\":\"Suppression des actions au porteur\u00a0: quelles mesures prendre\u00a0?\"}]},{\"@type\":\"WebSite\",\"@id\":\"https:\/\/www.gvalaw.com\/#website\",\"url\":\"https:\/\/www.gvalaw.com\/\",\"name\":\"Avocats \u00e0 Gen\u00e8ve | GVA law\",\"description\":\"avocats gen\u00e8ve, cabinet d&#039;avocats gen\u00e8ve , avocats Gen\u00e8ve\",\"publisher\":{\"@id\":\"https:\/\/www.gvalaw.com\/#organization\"},\"potentialAction\":[{\"@type\":\"SearchAction\",\"target\":{\"@type\":\"EntryPoint\",\"urlTemplate\":\"https:\/\/www.gvalaw.com\/?s={search_term_string}\"},\"query-input\":{\"@type\":\"PropertyValueSpecification\",\"valueRequired\":true,\"valueName\":\"search_term_string\"}}],\"inLanguage\":\"en-US\"},{\"@type\":\"Organization\",\"@id\":\"https:\/\/www.gvalaw.com\/#organization\",\"name\":\"Avocats \u00e0 Gen\u00e8ve| GVA law\",\"url\":\"https:\/\/www.gvalaw.com\/\",\"logo\":{\"@type\":\"ImageObject\",\"inLanguage\":\"en-US\",\"@id\":\"https:\/\/www.gvalaw.com\/#\/schema\/logo\/image\/\",\"url\":\"https:\/\/www.gvalaw.com\/wp-content\/uploads\/2018\/10\/GVAlaw-logo-retina.png\",\"contentUrl\":\"https:\/\/www.gvalaw.com\/wp-content\/uploads\/2018\/10\/GVAlaw-logo-retina.png\",\"width\":300,\"height\":112,\"caption\":\"Avocats \u00e0 Gen\u00e8ve| GVA law\"},\"image\":{\"@id\":\"https:\/\/www.gvalaw.com\/#\/schema\/logo\/image\/\"}},{\"@type\":\"Person\",\"@id\":\"https:\/\/www.gvalaw.com\/#\/schema\/person\/40a9b395b30459ad4c9b8909e18a9f52\",\"name\":\"Christophe Zermatten\",\"image\":{\"@type\":\"ImageObject\",\"inLanguage\":\"en-US\",\"@id\":\"https:\/\/www.gvalaw.com\/#\/schema\/person\/image\/\",\"url\":\"https:\/\/secure.gravatar.com\/avatar\/1623bccd9748efaec90ed75b79dd96c1?s=96&d=mm&r=g\",\"contentUrl\":\"https:\/\/secure.gravatar.com\/avatar\/1623bccd9748efaec90ed75b79dd96c1?s=96&d=mm&r=g\",\"caption\":\"Christophe Zermatten\"}}]}<\/script>\n<!-- \/ Yoast SEO plugin. -->","yoast_head_json":{"title":"Suppression des actions au porteur\u00a0: quelles mesures prendre\u00a0? Articles GVA Law","description":"Les modifications l\u00e9gislatives du 1er novembre 2019 entra\u00eeneront, \u00e0 terme, la suppression des actions au porteur de nombreuses soci\u00e9t\u00e9s.","robots":{"index":"index","follow":"follow","max-snippet":"max-snippet:-1","max-image-preview":"max-image-preview:large","max-video-preview":"max-video-preview:-1"},"canonical":"https:\/\/www.gvalaw.com\/en\/2020\/08\/24\/suppression-des-actions-au-porteur-quelles-mesures-prendre-2\/","og_locale":"en_US","og_type":"article","og_title":"Suppression des actions au porteur\u00a0: quelles mesures prendre\u00a0? Articles GVA Law","og_description":"Les modifications l\u00e9gislatives du 1er novembre 2019 entra\u00eeneront, \u00e0 terme, la suppression des actions au porteur de nombreuses soci\u00e9t\u00e9s.","og_url":"https:\/\/www.gvalaw.com\/en\/2020\/08\/24\/suppression-des-actions-au-porteur-quelles-mesures-prendre-2\/","og_site_name":"Avocats \u00e0 Gen\u00e8ve | GVA law","article_published_time":"2020-08-24T11:07:45+00:00","article_modified_time":"2021-06-24T15:06:04+00:00","author":"Christophe Zermatten","twitter_card":"summary_large_image","twitter_misc":{"Written by":"Christophe Zermatten","Est. reading time":"4 minutes"},"schema":{"@context":"https:\/\/schema.org","@graph":[{"@type":"Article","@id":"https:\/\/www.gvalaw.com\/en\/2020\/08\/24\/suppression-des-actions-au-porteur-quelles-mesures-prendre-2\/#article","isPartOf":{"@id":"https:\/\/www.gvalaw.com\/en\/2020\/08\/24\/suppression-des-actions-au-porteur-quelles-mesures-prendre-2\/"},"author":{"name":"Christophe Zermatten","@id":"https:\/\/www.gvalaw.com\/#\/schema\/person\/40a9b395b30459ad4c9b8909e18a9f52"},"headline":"Suppression des actions au porteur\u00a0: quelles mesures prendre\u00a0?","datePublished":"2020-08-24T11:07:45+00:00","dateModified":"2021-06-24T15:06:04+00:00","mainEntityOfPage":{"@id":"https:\/\/www.gvalaw.com\/en\/2020\/08\/24\/suppression-des-actions-au-porteur-quelles-mesures-prendre-2\/"},"wordCount":1224,"commentCount":0,"publisher":{"@id":"https:\/\/www.gvalaw.com\/#organization"},"articleSection":["Corporate"],"inLanguage":"en-US","potentialAction":[{"@type":"CommentAction","name":"Comment","target":["https:\/\/www.gvalaw.com\/en\/2020\/08\/24\/suppression-des-actions-au-porteur-quelles-mesures-prendre-2\/#respond"]}]},{"@type":"WebPage","@id":"https:\/\/www.gvalaw.com\/en\/2020\/08\/24\/suppression-des-actions-au-porteur-quelles-mesures-prendre-2\/","url":"https:\/\/www.gvalaw.com\/en\/2020\/08\/24\/suppression-des-actions-au-porteur-quelles-mesures-prendre-2\/","name":"Suppression des actions au porteur\u00a0: quelles mesures prendre\u00a0? Articles GVA Law","isPartOf":{"@id":"https:\/\/www.gvalaw.com\/#website"},"datePublished":"2020-08-24T11:07:45+00:00","dateModified":"2021-06-24T15:06:04+00:00","description":"Les modifications l\u00e9gislatives du 1er novembre 2019 entra\u00eeneront, \u00e0 terme, la suppression des actions au porteur de nombreuses soci\u00e9t\u00e9s.","breadcrumb":{"@id":"https:\/\/www.gvalaw.com\/en\/2020\/08\/24\/suppression-des-actions-au-porteur-quelles-mesures-prendre-2\/#breadcrumb"},"inLanguage":"en-US","potentialAction":[{"@type":"ReadAction","target":["https:\/\/www.gvalaw.com\/en\/2020\/08\/24\/suppression-des-actions-au-porteur-quelles-mesures-prendre-2\/"]}]},{"@type":"BreadcrumbList","@id":"https:\/\/www.gvalaw.com\/en\/2020\/08\/24\/suppression-des-actions-au-porteur-quelles-mesures-prendre-2\/#breadcrumb","itemListElement":[{"@type":"ListItem","position":1,"name":"Home","item":"https:\/\/www.gvalaw.com\/en\/home\/"},{"@type":"ListItem","position":2,"name":"Suppression des actions au porteur\u00a0: quelles mesures prendre\u00a0?"}]},{"@type":"WebSite","@id":"https:\/\/www.gvalaw.com\/#website","url":"https:\/\/www.gvalaw.com\/","name":"Avocats \u00e0 Gen\u00e8ve | GVA law","description":"avocats gen\u00e8ve, cabinet d&#039;avocats gen\u00e8ve , avocats Gen\u00e8ve","publisher":{"@id":"https:\/\/www.gvalaw.com\/#organization"},"potentialAction":[{"@type":"SearchAction","target":{"@type":"EntryPoint","urlTemplate":"https:\/\/www.gvalaw.com\/?s={search_term_string}"},"query-input":{"@type":"PropertyValueSpecification","valueRequired":true,"valueName":"search_term_string"}}],"inLanguage":"en-US"},{"@type":"Organization","@id":"https:\/\/www.gvalaw.com\/#organization","name":"Avocats \u00e0 Gen\u00e8ve| GVA law","url":"https:\/\/www.gvalaw.com\/","logo":{"@type":"ImageObject","inLanguage":"en-US","@id":"https:\/\/www.gvalaw.com\/#\/schema\/logo\/image\/","url":"https:\/\/www.gvalaw.com\/wp-content\/uploads\/2018\/10\/GVAlaw-logo-retina.png","contentUrl":"https:\/\/www.gvalaw.com\/wp-content\/uploads\/2018\/10\/GVAlaw-logo-retina.png","width":300,"height":112,"caption":"Avocats \u00e0 Gen\u00e8ve| GVA law"},"image":{"@id":"https:\/\/www.gvalaw.com\/#\/schema\/logo\/image\/"}},{"@type":"Person","@id":"https:\/\/www.gvalaw.com\/#\/schema\/person\/40a9b395b30459ad4c9b8909e18a9f52","name":"Christophe Zermatten","image":{"@type":"ImageObject","inLanguage":"en-US","@id":"https:\/\/www.gvalaw.com\/#\/schema\/person\/image\/","url":"https:\/\/secure.gravatar.com\/avatar\/1623bccd9748efaec90ed75b79dd96c1?s=96&d=mm&r=g","contentUrl":"https:\/\/secure.gravatar.com\/avatar\/1623bccd9748efaec90ed75b79dd96c1?s=96&d=mm&r=g","caption":"Christophe Zermatten"}}]}},"_links":{"self":[{"href":"https:\/\/www.gvalaw.com\/en\/wp-json\/wp\/v2\/posts\/2454"}],"collection":[{"href":"https:\/\/www.gvalaw.com\/en\/wp-json\/wp\/v2\/posts"}],"about":[{"href":"https:\/\/www.gvalaw.com\/en\/wp-json\/wp\/v2\/types\/post"}],"author":[{"embeddable":true,"href":"https:\/\/www.gvalaw.com\/en\/wp-json\/wp\/v2\/users\/4"}],"replies":[{"embeddable":true,"href":"https:\/\/www.gvalaw.com\/en\/wp-json\/wp\/v2\/comments?post=2454"}],"version-history":[{"count":3,"href":"https:\/\/www.gvalaw.com\/en\/wp-json\/wp\/v2\/posts\/2454\/revisions"}],"predecessor-version":[{"id":2767,"href":"https:\/\/www.gvalaw.com\/en\/wp-json\/wp\/v2\/posts\/2454\/revisions\/2767"}],"wp:attachment":[{"href":"https:\/\/www.gvalaw.com\/en\/wp-json\/wp\/v2\/media?parent=2454"}],"wp:term":[{"taxonomy":"category","embeddable":true,"href":"https:\/\/www.gvalaw.com\/en\/wp-json\/wp\/v2\/categories?post=2454"},{"taxonomy":"post_tag","embeddable":true,"href":"https:\/\/www.gvalaw.com\/en\/wp-json\/wp\/v2\/tags?post=2454"}],"curies":[{"name":"wp","href":"https:\/\/api.w.org\/{rel}","templated":true}]}}