{"id":2462,"date":"2020-08-24T09:31:21","date_gmt":"2020-08-24T09:31:21","guid":{"rendered":"https:\/\/gvalaw.com\/2020\/08\/24\/nomination-of-julien-blanc-as-president-of-the-forum-sro-oar-oad\/"},"modified":"2021-06-24T15:10:43","modified_gmt":"2021-06-24T15:10:43","slug":"nomination-of-julien-blanc-as-president-of-the-forum-sro-oar-oad","status":"publish","type":"post","link":"https:\/\/www.gvalaw.com\/en\/2020\/08\/24\/nomination-of-julien-blanc-as-president-of-the-forum-sro-oar-oad\/","title":{"rendered":"Nomination of Julien Blanc as President of the Forum SRO-OAR-OAD"},"content":{"rendered":"<div class=\"fusion-fullwidth fullwidth-box fusion-builder-row-1 fusion-flex-container nonhundred-percent-fullwidth non-hundred-percent-height-scrolling\" style=\"background-color: rgba(255,255,255,0);background-position: center center;background-repeat: no-repeat;border-width: 0px 0px 0px 0px;border-color:#eae9e9;border-style:solid;\" ><div class=\"fusion-builder-row fusion-row fusion-flex-align-items-flex-start\" style=\"max-width:1216.8px;margin-left: calc(-4% \/ 2 );margin-right: calc(-4% \/ 2 );\"><div class=\"fusion-layout-column fusion_builder_column fusion-builder-column-0 fusion_builder_column_1_1 1_1 fusion-flex-column\"><div class=\"fusion-column-wrapper fusion-flex-justify-content-flex-start fusion-content-layout-column\" style=\"background-position:left top;background-repeat:no-repeat;-webkit-background-size:cover;-moz-background-size:cover;-o-background-size:cover;background-size:cover;padding: 0px 0px 0px 0px;\"><div class=\"fusion-text fusion-text-1\"><h3>Presidency of the Forum SRO-OAR-OAD :<\/h3>\n<p>GVA law is pleased to announce that its Partner <a href=\"https:\/\/gvalaw.com\/en\/portfolio-items\/julien-blanc\/\" target=\"_blank\" rel=\"noopener noreferrer\">Julien Blanc<\/a> has been elected as President of the <a href=\"http:\/\/www.forum-sro.ch\/e\/forum.index.html\" target=\"_blank\" rel=\"noopener noreferrer\">Swiss Forum for self-regulatory organizations (Forum SRO-OAR-OAD)<\/a>.<\/p>\n<p>The Forum is an association promoting and supporting self-regulation in the prevention of money laundering and financing of terrorism and encouraging dialogue with authorities overviewing self-regulation, such as the Swiss Financial Market Supervisory Authority (FINMA).<\/p>\n<p>It provides regulation for financial intermediaries of the non-banking sector in Switzerland and federates ten self-regulatory organizations (SROs) overseeing the fight against money laundering and financing of terrorism at the federal level, such as the \u201cAssociation romande des interm\u00e9diaires financiers (ARIF)\u201d, the Self-Regulatory Organization of the Swiss Bar Association (OAR FSA\/FSN) and the Self-Regulatory Organization for fiduciaries (OAR FIDUCIAIRE\/SUISSE).<\/p>\n<p><a href=\"https:\/\/gvalaw.com\/en\/\" target=\"_blank\" rel=\"noopener noreferrer\"><strong>GVA law<\/strong><\/a><\/p>\n<p><a href=\"tel:+41228394466\" target=\"_blank\" rel=\"noopener noreferrer\">+41 22\u00a0839 44 66<\/a><br \/>\n<a href=\"mailto:info@gvalaw.com\" target=\"_blank\" rel=\"noopener noreferrer\">info@gvalaw.com<\/a><\/p>\n<\/div><\/div><style type=\"text\/css\">.fusion-body .fusion-builder-column-0{width:100% !important;margin-top : 0px;margin-bottom : 20px;}.fusion-builder-column-0 > .fusion-column-wrapper {padding-top : 0px !important;padding-right : 0px !important;margin-right : 1.92%;padding-bottom : 0px !important;padding-left : 0px !important;margin-left : 1.92%;}@media only screen and (max-width:1024px) {.fusion-body .fusion-builder-column-0{width:100% !important;order : 0;}.fusion-builder-column-0 > .fusion-column-wrapper {margin-right : 1.92%;margin-left : 1.92%;}}@media only screen and (max-width:850px) {.fusion-body .fusion-builder-column-0{width:100% !important;order : 0;}.fusion-builder-column-0 > .fusion-column-wrapper {margin-right : 1.92%;margin-left : 1.92%;}}<\/style><\/div><\/div><style type=\"text\/css\">.fusion-body .fusion-flex-container.fusion-builder-row-1{ padding-top : 0px;margin-top : 0px;padding-right : 0px;padding-bottom : 0px;margin-bottom : 0px;padding-left : 0px;}<\/style><\/div>\n","protected":false},"excerpt":{"rendered":"","protected":false},"author":7,"featured_media":0,"comment_status":"closed","ping_status":"closed","sticky":false,"template":"","format":"standard","meta":{"footnotes":""},"categories":[107,110],"tags":[],"yoast_head":"<!-- This site is optimized with the Yoast SEO plugin v23.5 - https:\/\/yoast.com\/wordpress\/plugins\/seo\/ -->\n<title>Nomination of Julien Blanc as President of the Forum SRO-OAR-OAD Articles GVA Law<\/title>\n<meta name=\"description\" content=\"Presidency - Forum SRO. GVA law is pleased to announce that its Partner Julien has been nominated to the presidency of the Forum SRO.\" \/>\n<meta name=\"robots\" content=\"index, follow, max-snippet:-1, max-image-preview:large, max-video-preview:-1\" \/>\n<link rel=\"canonical\" href=\"https:\/\/www.gvalaw.com\/en\/2020\/08\/24\/nomination-of-julien-blanc-as-president-of-the-forum-sro-oar-oad\/\" \/>\n<meta property=\"og:locale\" content=\"en_US\" \/>\n<meta property=\"og:type\" content=\"article\" \/>\n<meta property=\"og:title\" content=\"Nomination of Julien Blanc as President of the Forum SRO-OAR-OAD Articles GVA Law\" \/>\n<meta property=\"og:description\" content=\"Presidency - Forum SRO. GVA law is pleased to announce that its Partner Julien has been nominated to the presidency of the Forum SRO.\" \/>\n<meta property=\"og:url\" content=\"https:\/\/www.gvalaw.com\/en\/2020\/08\/24\/nomination-of-julien-blanc-as-president-of-the-forum-sro-oar-oad\/\" \/>\n<meta property=\"og:site_name\" content=\"Avocats \u00e0 Gen\u00e8ve | GVA law\" \/>\n<meta property=\"article:published_time\" content=\"2020-08-24T09:31:21+00:00\" \/>\n<meta property=\"article:modified_time\" content=\"2021-06-24T15:10:43+00:00\" \/>\n<meta name=\"author\" content=\"GVA law\" \/>\n<meta name=\"twitter:card\" content=\"summary_large_image\" \/>\n<meta name=\"twitter:label1\" content=\"Written by\" \/>\n\t<meta name=\"twitter:data1\" content=\"GVA law\" \/>\n\t<meta name=\"twitter:label2\" content=\"Est. reading time\" \/>\n\t<meta name=\"twitter:data2\" content=\"2 minutes\" \/>\n<script type=\"application\/ld+json\" class=\"yoast-schema-graph\">{\"@context\":\"https:\/\/schema.org\",\"@graph\":[{\"@type\":\"Article\",\"@id\":\"https:\/\/www.gvalaw.com\/en\/2020\/08\/24\/nomination-of-julien-blanc-as-president-of-the-forum-sro-oar-oad\/#article\",\"isPartOf\":{\"@id\":\"https:\/\/www.gvalaw.com\/en\/2020\/08\/24\/nomination-of-julien-blanc-as-president-of-the-forum-sro-oar-oad\/\"},\"author\":{\"name\":\"GVA law\",\"@id\":\"https:\/\/www.gvalaw.com\/#\/schema\/person\/ccc85da926411bfa1509bc2da35964e9\"},\"headline\":\"Nomination of Julien Blanc as President of the Forum SRO-OAR-OAD\",\"datePublished\":\"2020-08-24T09:31:21+00:00\",\"dateModified\":\"2021-06-24T15:10:43+00:00\",\"mainEntityOfPage\":{\"@id\":\"https:\/\/www.gvalaw.com\/en\/2020\/08\/24\/nomination-of-julien-blanc-as-president-of-the-forum-sro-oar-oad\/\"},\"wordCount\":732,\"publisher\":{\"@id\":\"https:\/\/www.gvalaw.com\/#organization\"},\"articleSection\":[\"Banking and finance\",\"News\"],\"inLanguage\":\"en-US\"},{\"@type\":\"WebPage\",\"@id\":\"https:\/\/www.gvalaw.com\/en\/2020\/08\/24\/nomination-of-julien-blanc-as-president-of-the-forum-sro-oar-oad\/\",\"url\":\"https:\/\/www.gvalaw.com\/en\/2020\/08\/24\/nomination-of-julien-blanc-as-president-of-the-forum-sro-oar-oad\/\",\"name\":\"Nomination of Julien Blanc as President of the Forum SRO-OAR-OAD Articles GVA Law\",\"isPartOf\":{\"@id\":\"https:\/\/www.gvalaw.com\/#website\"},\"datePublished\":\"2020-08-24T09:31:21+00:00\",\"dateModified\":\"2021-06-24T15:10:43+00:00\",\"description\":\"Presidency - Forum SRO. GVA law is pleased to announce that its Partner Julien has been nominated to the presidency of the Forum SRO.\",\"breadcrumb\":{\"@id\":\"https:\/\/www.gvalaw.com\/en\/2020\/08\/24\/nomination-of-julien-blanc-as-president-of-the-forum-sro-oar-oad\/#breadcrumb\"},\"inLanguage\":\"en-US\",\"potentialAction\":[{\"@type\":\"ReadAction\",\"target\":[\"https:\/\/www.gvalaw.com\/en\/2020\/08\/24\/nomination-of-julien-blanc-as-president-of-the-forum-sro-oar-oad\/\"]}]},{\"@type\":\"BreadcrumbList\",\"@id\":\"https:\/\/www.gvalaw.com\/en\/2020\/08\/24\/nomination-of-julien-blanc-as-president-of-the-forum-sro-oar-oad\/#breadcrumb\",\"itemListElement\":[{\"@type\":\"ListItem\",\"position\":1,\"name\":\"Home\",\"item\":\"https:\/\/www.gvalaw.com\/en\/home\/\"},{\"@type\":\"ListItem\",\"position\":2,\"name\":\"Nomination of Julien Blanc as President of the Forum SRO-OAR-OAD\"}]},{\"@type\":\"WebSite\",\"@id\":\"https:\/\/www.gvalaw.com\/#website\",\"url\":\"https:\/\/www.gvalaw.com\/\",\"name\":\"Avocats \u00e0 Gen\u00e8ve | GVA law\",\"description\":\"avocats gen\u00e8ve, cabinet d&#039;avocats gen\u00e8ve , avocats Gen\u00e8ve\",\"publisher\":{\"@id\":\"https:\/\/www.gvalaw.com\/#organization\"},\"potentialAction\":[{\"@type\":\"SearchAction\",\"target\":{\"@type\":\"EntryPoint\",\"urlTemplate\":\"https:\/\/www.gvalaw.com\/?s={search_term_string}\"},\"query-input\":{\"@type\":\"PropertyValueSpecification\",\"valueRequired\":true,\"valueName\":\"search_term_string\"}}],\"inLanguage\":\"en-US\"},{\"@type\":\"Organization\",\"@id\":\"https:\/\/www.gvalaw.com\/#organization\",\"name\":\"Avocats \u00e0 Gen\u00e8ve| GVA law\",\"url\":\"https:\/\/www.gvalaw.com\/\",\"logo\":{\"@type\":\"ImageObject\",\"inLanguage\":\"en-US\",\"@id\":\"https:\/\/www.gvalaw.com\/#\/schema\/logo\/image\/\",\"url\":\"https:\/\/www.gvalaw.com\/wp-content\/uploads\/2018\/10\/GVAlaw-logo-retina.png\",\"contentUrl\":\"https:\/\/www.gvalaw.com\/wp-content\/uploads\/2018\/10\/GVAlaw-logo-retina.png\",\"width\":300,\"height\":112,\"caption\":\"Avocats \u00e0 Gen\u00e8ve| GVA law\"},\"image\":{\"@id\":\"https:\/\/www.gvalaw.com\/#\/schema\/logo\/image\/\"}},{\"@type\":\"Person\",\"@id\":\"https:\/\/www.gvalaw.com\/#\/schema\/person\/ccc85da926411bfa1509bc2da35964e9\",\"name\":\"GVA law\",\"image\":{\"@type\":\"ImageObject\",\"inLanguage\":\"en-US\",\"@id\":\"https:\/\/www.gvalaw.com\/#\/schema\/person\/image\/\",\"url\":\"https:\/\/secure.gravatar.com\/avatar\/dacf38cbca1f0a08c473eb4fcf23752f?s=96&d=mm&r=g\",\"contentUrl\":\"https:\/\/secure.gravatar.com\/avatar\/dacf38cbca1f0a08c473eb4fcf23752f?s=96&d=mm&r=g\",\"caption\":\"GVA law\"}}]}<\/script>\n<!-- \/ Yoast SEO plugin. -->","yoast_head_json":{"title":"Nomination of Julien Blanc as President of the Forum SRO-OAR-OAD Articles GVA Law","description":"Presidency - Forum SRO. GVA law is pleased to announce that its Partner Julien has been nominated to the presidency of the Forum SRO.","robots":{"index":"index","follow":"follow","max-snippet":"max-snippet:-1","max-image-preview":"max-image-preview:large","max-video-preview":"max-video-preview:-1"},"canonical":"https:\/\/www.gvalaw.com\/en\/2020\/08\/24\/nomination-of-julien-blanc-as-president-of-the-forum-sro-oar-oad\/","og_locale":"en_US","og_type":"article","og_title":"Nomination of Julien Blanc as President of the Forum SRO-OAR-OAD Articles GVA Law","og_description":"Presidency - Forum SRO. GVA law is pleased to announce that its Partner Julien has been nominated to the presidency of the Forum SRO.","og_url":"https:\/\/www.gvalaw.com\/en\/2020\/08\/24\/nomination-of-julien-blanc-as-president-of-the-forum-sro-oar-oad\/","og_site_name":"Avocats \u00e0 Gen\u00e8ve | GVA law","article_published_time":"2020-08-24T09:31:21+00:00","article_modified_time":"2021-06-24T15:10:43+00:00","author":"GVA law","twitter_card":"summary_large_image","twitter_misc":{"Written by":"GVA law","Est. reading time":"2 minutes"},"schema":{"@context":"https:\/\/schema.org","@graph":[{"@type":"Article","@id":"https:\/\/www.gvalaw.com\/en\/2020\/08\/24\/nomination-of-julien-blanc-as-president-of-the-forum-sro-oar-oad\/#article","isPartOf":{"@id":"https:\/\/www.gvalaw.com\/en\/2020\/08\/24\/nomination-of-julien-blanc-as-president-of-the-forum-sro-oar-oad\/"},"author":{"name":"GVA law","@id":"https:\/\/www.gvalaw.com\/#\/schema\/person\/ccc85da926411bfa1509bc2da35964e9"},"headline":"Nomination of Julien Blanc as President of the Forum SRO-OAR-OAD","datePublished":"2020-08-24T09:31:21+00:00","dateModified":"2021-06-24T15:10:43+00:00","mainEntityOfPage":{"@id":"https:\/\/www.gvalaw.com\/en\/2020\/08\/24\/nomination-of-julien-blanc-as-president-of-the-forum-sro-oar-oad\/"},"wordCount":732,"publisher":{"@id":"https:\/\/www.gvalaw.com\/#organization"},"articleSection":["Banking and finance","News"],"inLanguage":"en-US"},{"@type":"WebPage","@id":"https:\/\/www.gvalaw.com\/en\/2020\/08\/24\/nomination-of-julien-blanc-as-president-of-the-forum-sro-oar-oad\/","url":"https:\/\/www.gvalaw.com\/en\/2020\/08\/24\/nomination-of-julien-blanc-as-president-of-the-forum-sro-oar-oad\/","name":"Nomination of Julien Blanc as President of the Forum SRO-OAR-OAD Articles GVA Law","isPartOf":{"@id":"https:\/\/www.gvalaw.com\/#website"},"datePublished":"2020-08-24T09:31:21+00:00","dateModified":"2021-06-24T15:10:43+00:00","description":"Presidency - Forum SRO. GVA law is pleased to announce that its Partner Julien has been nominated to the presidency of the Forum SRO.","breadcrumb":{"@id":"https:\/\/www.gvalaw.com\/en\/2020\/08\/24\/nomination-of-julien-blanc-as-president-of-the-forum-sro-oar-oad\/#breadcrumb"},"inLanguage":"en-US","potentialAction":[{"@type":"ReadAction","target":["https:\/\/www.gvalaw.com\/en\/2020\/08\/24\/nomination-of-julien-blanc-as-president-of-the-forum-sro-oar-oad\/"]}]},{"@type":"BreadcrumbList","@id":"https:\/\/www.gvalaw.com\/en\/2020\/08\/24\/nomination-of-julien-blanc-as-president-of-the-forum-sro-oar-oad\/#breadcrumb","itemListElement":[{"@type":"ListItem","position":1,"name":"Home","item":"https:\/\/www.gvalaw.com\/en\/home\/"},{"@type":"ListItem","position":2,"name":"Nomination of Julien Blanc as President of the Forum SRO-OAR-OAD"}]},{"@type":"WebSite","@id":"https:\/\/www.gvalaw.com\/#website","url":"https:\/\/www.gvalaw.com\/","name":"Avocats \u00e0 Gen\u00e8ve | GVA law","description":"avocats gen\u00e8ve, cabinet d&#039;avocats gen\u00e8ve , avocats Gen\u00e8ve","publisher":{"@id":"https:\/\/www.gvalaw.com\/#organization"},"potentialAction":[{"@type":"SearchAction","target":{"@type":"EntryPoint","urlTemplate":"https:\/\/www.gvalaw.com\/?s={search_term_string}"},"query-input":{"@type":"PropertyValueSpecification","valueRequired":true,"valueName":"search_term_string"}}],"inLanguage":"en-US"},{"@type":"Organization","@id":"https:\/\/www.gvalaw.com\/#organization","name":"Avocats \u00e0 Gen\u00e8ve| GVA law","url":"https:\/\/www.gvalaw.com\/","logo":{"@type":"ImageObject","inLanguage":"en-US","@id":"https:\/\/www.gvalaw.com\/#\/schema\/logo\/image\/","url":"https:\/\/www.gvalaw.com\/wp-content\/uploads\/2018\/10\/GVAlaw-logo-retina.png","contentUrl":"https:\/\/www.gvalaw.com\/wp-content\/uploads\/2018\/10\/GVAlaw-logo-retina.png","width":300,"height":112,"caption":"Avocats \u00e0 Gen\u00e8ve| GVA law"},"image":{"@id":"https:\/\/www.gvalaw.com\/#\/schema\/logo\/image\/"}},{"@type":"Person","@id":"https:\/\/www.gvalaw.com\/#\/schema\/person\/ccc85da926411bfa1509bc2da35964e9","name":"GVA law","image":{"@type":"ImageObject","inLanguage":"en-US","@id":"https:\/\/www.gvalaw.com\/#\/schema\/person\/image\/","url":"https:\/\/secure.gravatar.com\/avatar\/dacf38cbca1f0a08c473eb4fcf23752f?s=96&d=mm&r=g","contentUrl":"https:\/\/secure.gravatar.com\/avatar\/dacf38cbca1f0a08c473eb4fcf23752f?s=96&d=mm&r=g","caption":"GVA law"}}]}},"_links":{"self":[{"href":"https:\/\/www.gvalaw.com\/en\/wp-json\/wp\/v2\/posts\/2462"}],"collection":[{"href":"https:\/\/www.gvalaw.com\/en\/wp-json\/wp\/v2\/posts"}],"about":[{"href":"https:\/\/www.gvalaw.com\/en\/wp-json\/wp\/v2\/types\/post"}],"author":[{"embeddable":true,"href":"https:\/\/www.gvalaw.com\/en\/wp-json\/wp\/v2\/users\/7"}],"replies":[{"embeddable":true,"href":"https:\/\/www.gvalaw.com\/en\/wp-json\/wp\/v2\/comments?post=2462"}],"version-history":[{"count":5,"href":"https:\/\/www.gvalaw.com\/en\/wp-json\/wp\/v2\/posts\/2462\/revisions"}],"predecessor-version":[{"id":2771,"href":"https:\/\/www.gvalaw.com\/en\/wp-json\/wp\/v2\/posts\/2462\/revisions\/2771"}],"wp:attachment":[{"href":"https:\/\/www.gvalaw.com\/en\/wp-json\/wp\/v2\/media?parent=2462"}],"wp:term":[{"taxonomy":"category","embeddable":true,"href":"https:\/\/www.gvalaw.com\/en\/wp-json\/wp\/v2\/categories?post=2462"},{"taxonomy":"post_tag","embeddable":true,"href":"https:\/\/www.gvalaw.com\/en\/wp-json\/wp\/v2\/tags?post=2462"}],"curies":[{"name":"wp","href":"https:\/\/api.w.org\/{rel}","templated":true}]}}