{"id":2663,"date":"2020-09-25T13:57:52","date_gmt":"2020-09-25T13:57:52","guid":{"rendered":"https:\/\/gvalaw.com\/?p=2663"},"modified":"2021-06-24T15:04:50","modified_gmt":"2021-06-24T15:04:50","slug":"photographies-et-droit-dauteur","status":"publish","type":"post","link":"https:\/\/www.gvalaw.com\/en\/2020\/09\/25\/photographies-et-droit-dauteur\/","title":{"rendered":"Photographies et droit d&#8217;auteur"},"content":{"rendered":"<div class=\"fusion-fullwidth fullwidth-box fusion-builder-row-1 fusion-flex-container nonhundred-percent-fullwidth non-hundred-percent-height-scrolling\" style=\"background-color: rgba(255,255,255,0);background-position: center center;background-repeat: no-repeat;border-width: 0px 0px 0px 0px;border-color:#eae9e9;border-style:solid;\" ><div class=\"fusion-builder-row fusion-row fusion-flex-align-items-flex-start\" style=\"max-width:1216.8px;margin-left: calc(-4% \/ 2 );margin-right: calc(-4% \/ 2 );\"><div class=\"fusion-layout-column fusion_builder_column fusion-builder-column-0 fusion_builder_column_1_1 1_1 fusion-flex-column\"><div class=\"fusion-column-wrapper fusion-flex-justify-content-flex-start fusion-content-layout-column\" style=\"background-position:left top;background-repeat:no-repeat;-webkit-background-size:cover;-moz-background-size:cover;-o-background-size:cover;background-size:cover;padding: 0px 0px 0px 0px;\"><div class=\"fusion-text fusion-text-1\"><h3>Contexte :<\/h3>\n<p>La <a href=\"https:\/\/www.admin.ch\/opc\/fr\/classified-compilation\/19920251\/\" target=\"_blank\" rel=\"noopener noreferrer\">Loi f\u00e9d\u00e9rale sur le droit d\u2019auteur et les droits voisins (LDA)<\/a> a subi une modification importante entr\u00e9e en vigueur le 1<sup>er<\/sup> avril 2020. Depuis cette date, les photographies d\u2019objets tridimensionnels sont consid\u00e9r\u00e9es comme des \u0153uvres prot\u00e9g\u00e9es par le droit d\u2019auteur, m\u00eame si elles sont d\u00e9pourvues de caract\u00e8re individuel. Cela constitue un changement notable par rapport \u00e0 l\u2019ancienne teneur de la loi, qui exigeait notamment qu\u2019une photographie pr\u00e9sente un caract\u00e8re individuel, afin d\u2019\u00eatre prot\u00e9g\u00e9e par le droit d\u2019auteur.<\/p>\n<h3>Anciennes dispositions<\/h3>\n<p>\u00c0 teneur de l\u2019ancien droit, une photographie devait rev\u00eatir un caract\u00e8re individuel, pour que son auteur puisse revendiquer un droit \u00e0 la protection selon la LDA. Selon le Tribunal f\u00e9d\u00e9ral, l\u2019existence du caract\u00e8re individuel d\u2019une image peut d\u00e9pendre de plusieurs crit\u00e8res, notamment des moyens techniques employ\u00e9s par le photographe, du choix du sujet, du cadrage, du moment de la prise de vue, de l\u2019utilisation d\u2019un objectif sp\u00e9cifique, etc. Mais le r\u00e9sultat obtenu est d\u2019une importance particuli\u00e8re, l\u2019\u0153uvre doit \u00eatre l\u2019expression d\u2019une pens\u00e9e \u00e0 caract\u00e8re individuel. Plus simplement, l\u2019image ne doit pas \u00eatre banale et doit pr\u00e9senter une certaine originalit\u00e9.<\/p>\n<p>Ce crit\u00e8re trop abstrait \u00e9tait sujet \u00e0 la controverse et a longtemps pos\u00e9 probl\u00e8me aux photographes, notamment aux photographes de presse. En effet, leurs clich\u00e9s documentant des \u00e9v\u00e8nements \u00e9taient rarement consid\u00e9r\u00e9s comme dot\u00e9s d\u2019un caract\u00e8re individuel, les excluant ainsi de la protection du droit d\u2019auteur.<\/p>\n<h3>Modification l\u00e9gislative<\/h3>\n<p>D\u00e9sormais, les photographies ne doivent r\u00e9pondre qu\u2019\u00e0 deux conditions pour \u00eatre consid\u00e9r\u00e9es comme des \u0153uvres au sens de la LDA et donc b\u00e9n\u00e9ficier de la protection du droit d\u2019auteur.<\/p>\n<p>Elles doivent tout d\u2019abord avoir \u00e9t\u00e9 r\u00e9alis\u00e9es par un humain (sont donc exclus les clich\u00e9s r\u00e9alis\u00e9s automatiquement, notamment par un radar). Ensuite, elles doivent repr\u00e9senter un objet tridimensionnel. Les photographies de plans ou de dessins n\u2019entrent donc pas dans le champ de protection de la LDA.<\/p>\n<h3>Dur\u00e9e de la protection<\/h3>\n<p>Les photographies d\u00e9pourvues de caract\u00e8re individuel remplissant les crit\u00e8res de la LDA sont prot\u00e9g\u00e9es pendant cinquante ans suite \u00e0 leur r\u00e9alisation.<\/p>\n<p>Les photographies rev\u00eatant un caract\u00e8re individuel sont, quant \u00e0 elles, prot\u00e9g\u00e9es pendant septante ans apr\u00e8s le d\u00e9c\u00e8s de leur auteur.<\/p>\n<h3>\u0152uvres r\u00e9alis\u00e9es avant le 1<sup>er<\/sup> avril 2020<\/h3>\n<p>La protection apport\u00e9e par la nouvelle r\u00e9glementation s\u2019applique aussi aux clich\u00e9s qui ont \u00e9t\u00e9 r\u00e9alis\u00e9s avant l\u2019entr\u00e9e en vigueur de la r\u00e9vision, pour autant qu\u2019ils ne soient pas tomb\u00e9s dans le domaine public. Ainsi, une photographie d\u00e9pourvue de caract\u00e8re individuel pourra \u00eatre prot\u00e9g\u00e9e m\u00eame si elle a \u00e9t\u00e9 r\u00e9alis\u00e9e avant le 1<sup>er<\/sup> avril 2020.<\/p>\n<p>Toutefois, si une photographie qui serait aujourd\u2019hui prot\u00e9g\u00e9e a \u00e9t\u00e9 utilis\u00e9e de mani\u00e8re licite sous l\u2019ancien droit, cela ne pose pas probl\u00e8me. Ainsi, une image d\u00e9pourvue de caract\u00e8re individuel utilis\u00e9e sur un site web depuis une date ant\u00e9rieure au 1<sup>er<\/sup> avril 2020 pourra rester en ligne sans le consentement de son auteur.<\/p>\n<p>L\u2019\u00c9tude GVA law vous assiste dans le cadre de ces modifications l\u00e9gislatives. Nos avocats se tiennent \u00e0 votre disposition pour toute question.<\/p>\n<p><a href=\"https:\/\/gvalaw.com\/portfolio-items\/vuille\/\" target=\"_blank\" rel=\"noopener noreferrer\"><strong>Pierre Vuille<\/strong><\/a>, avocat<\/p>\n<p><a href=\"tel:+41228394466\" target=\"_blank\" rel=\"noopener noreferrer\">+41 22 839 44 66<\/a><br \/>\n<a href=\"mailto:pvuille@gvalaw.com\">pvuille@gvalaw.com<\/a><\/p>\n<\/div><\/div><style type=\"text\/css\">.fusion-body .fusion-builder-column-0{width:100% !important;margin-top : 0px;margin-bottom : 20px;}.fusion-builder-column-0 > .fusion-column-wrapper {padding-top : 0px !important;padding-right : 0px !important;margin-right : 1.92%;padding-bottom : 0px !important;padding-left : 0px !important;margin-left : 1.92%;}@media only screen and (max-width:1024px) {.fusion-body .fusion-builder-column-0{width:100% !important;order : 0;}.fusion-builder-column-0 > .fusion-column-wrapper {margin-right : 1.92%;margin-left : 1.92%;}}@media only screen and (max-width:850px) {.fusion-body .fusion-builder-column-0{width:100% !important;order : 0;}.fusion-builder-column-0 > .fusion-column-wrapper {margin-right : 1.92%;margin-left : 1.92%;}}<\/style><\/div><\/div><style type=\"text\/css\">.fusion-body .fusion-flex-container.fusion-builder-row-1{ padding-top : 0px;margin-top : 0px;padding-right : 0px;padding-bottom : 0px;margin-bottom : 0px;padding-left : 0px;}<\/style><\/div>\n","protected":false},"excerpt":{"rendered":"","protected":false},"author":6,"featured_media":0,"comment_status":"open","ping_status":"open","sticky":false,"template":"","format":"standard","meta":{"footnotes":""},"categories":[93],"tags":[],"yoast_head":"<!-- This site is optimized with the Yoast SEO plugin v23.5 - https:\/\/yoast.com\/wordpress\/plugins\/seo\/ -->\n<title>Photographies et droit d&#039;auteur Articles GVA Law<\/title>\n<meta name=\"description\" content=\"La Loi f\u00e9d\u00e9rale sur le droit d&#039;auteur et les droits voisins a \u00e9t\u00e9 r\u00e9cemment modifi\u00e9e, impactant le r\u00e9gime applicable aux photographies.\" \/>\n<meta name=\"robots\" content=\"index, follow, max-snippet:-1, max-image-preview:large, max-video-preview:-1\" \/>\n<link rel=\"canonical\" href=\"https:\/\/www.gvalaw.com\/en\/2020\/09\/25\/photographies-et-droit-dauteur\/\" \/>\n<meta property=\"og:locale\" content=\"en_US\" \/>\n<meta property=\"og:type\" content=\"article\" \/>\n<meta property=\"og:title\" content=\"Photographies et droit d&#039;auteur Articles GVA Law\" \/>\n<meta property=\"og:description\" content=\"La Loi f\u00e9d\u00e9rale sur le droit d&#039;auteur et les droits voisins a \u00e9t\u00e9 r\u00e9cemment modifi\u00e9e, impactant le r\u00e9gime applicable aux photographies.\" \/>\n<meta property=\"og:url\" content=\"https:\/\/www.gvalaw.com\/en\/2020\/09\/25\/photographies-et-droit-dauteur\/\" \/>\n<meta property=\"og:site_name\" content=\"Avocats \u00e0 Gen\u00e8ve | GVA law\" \/>\n<meta property=\"article:published_time\" content=\"2020-09-25T13:57:52+00:00\" \/>\n<meta property=\"article:modified_time\" content=\"2021-06-24T15:04:50+00:00\" \/>\n<meta name=\"author\" content=\"Pierre Vuille\" \/>\n<meta name=\"twitter:card\" content=\"summary_large_image\" \/>\n<meta name=\"twitter:label1\" content=\"Written by\" \/>\n\t<meta name=\"twitter:data1\" content=\"Pierre Vuille\" \/>\n\t<meta name=\"twitter:label2\" content=\"Est. reading time\" \/>\n\t<meta name=\"twitter:data2\" content=\"4 minutes\" \/>\n<script type=\"application\/ld+json\" class=\"yoast-schema-graph\">{\"@context\":\"https:\/\/schema.org\",\"@graph\":[{\"@type\":\"Article\",\"@id\":\"https:\/\/www.gvalaw.com\/en\/2020\/09\/25\/photographies-et-droit-dauteur\/#article\",\"isPartOf\":{\"@id\":\"https:\/\/www.gvalaw.com\/en\/2020\/09\/25\/photographies-et-droit-dauteur\/\"},\"author\":{\"name\":\"Pierre Vuille\",\"@id\":\"https:\/\/www.gvalaw.com\/#\/schema\/person\/56c21fdb963079b476d399d9b1cb7650\"},\"headline\":\"Photographies et droit d&#8217;auteur\",\"datePublished\":\"2020-09-25T13:57:52+00:00\",\"dateModified\":\"2021-06-24T15:04:50+00:00\",\"mainEntityOfPage\":{\"@id\":\"https:\/\/www.gvalaw.com\/en\/2020\/09\/25\/photographies-et-droit-dauteur\/\"},\"wordCount\":1188,\"commentCount\":0,\"publisher\":{\"@id\":\"https:\/\/www.gvalaw.com\/#organization\"},\"articleSection\":[\"Intellectual property\"],\"inLanguage\":\"en-US\",\"potentialAction\":[{\"@type\":\"CommentAction\",\"name\":\"Comment\",\"target\":[\"https:\/\/www.gvalaw.com\/en\/2020\/09\/25\/photographies-et-droit-dauteur\/#respond\"]}]},{\"@type\":\"WebPage\",\"@id\":\"https:\/\/www.gvalaw.com\/en\/2020\/09\/25\/photographies-et-droit-dauteur\/\",\"url\":\"https:\/\/www.gvalaw.com\/en\/2020\/09\/25\/photographies-et-droit-dauteur\/\",\"name\":\"Photographies et droit d'auteur Articles GVA Law\",\"isPartOf\":{\"@id\":\"https:\/\/www.gvalaw.com\/#website\"},\"datePublished\":\"2020-09-25T13:57:52+00:00\",\"dateModified\":\"2021-06-24T15:04:50+00:00\",\"description\":\"La Loi f\u00e9d\u00e9rale sur le droit d'auteur et les droits voisins a \u00e9t\u00e9 r\u00e9cemment modifi\u00e9e, impactant le r\u00e9gime applicable aux photographies.\",\"breadcrumb\":{\"@id\":\"https:\/\/www.gvalaw.com\/en\/2020\/09\/25\/photographies-et-droit-dauteur\/#breadcrumb\"},\"inLanguage\":\"en-US\",\"potentialAction\":[{\"@type\":\"ReadAction\",\"target\":[\"https:\/\/www.gvalaw.com\/en\/2020\/09\/25\/photographies-et-droit-dauteur\/\"]}]},{\"@type\":\"BreadcrumbList\",\"@id\":\"https:\/\/www.gvalaw.com\/en\/2020\/09\/25\/photographies-et-droit-dauteur\/#breadcrumb\",\"itemListElement\":[{\"@type\":\"ListItem\",\"position\":1,\"name\":\"Home\",\"item\":\"https:\/\/www.gvalaw.com\/en\/home\/\"},{\"@type\":\"ListItem\",\"position\":2,\"name\":\"Photographies et droit d&#8217;auteur\"}]},{\"@type\":\"WebSite\",\"@id\":\"https:\/\/www.gvalaw.com\/#website\",\"url\":\"https:\/\/www.gvalaw.com\/\",\"name\":\"Avocats \u00e0 Gen\u00e8ve | GVA law\",\"description\":\"avocats gen\u00e8ve, cabinet d&#039;avocats gen\u00e8ve , avocats Gen\u00e8ve\",\"publisher\":{\"@id\":\"https:\/\/www.gvalaw.com\/#organization\"},\"potentialAction\":[{\"@type\":\"SearchAction\",\"target\":{\"@type\":\"EntryPoint\",\"urlTemplate\":\"https:\/\/www.gvalaw.com\/?s={search_term_string}\"},\"query-input\":{\"@type\":\"PropertyValueSpecification\",\"valueRequired\":true,\"valueName\":\"search_term_string\"}}],\"inLanguage\":\"en-US\"},{\"@type\":\"Organization\",\"@id\":\"https:\/\/www.gvalaw.com\/#organization\",\"name\":\"Avocats \u00e0 Gen\u00e8ve| GVA law\",\"url\":\"https:\/\/www.gvalaw.com\/\",\"logo\":{\"@type\":\"ImageObject\",\"inLanguage\":\"en-US\",\"@id\":\"https:\/\/www.gvalaw.com\/#\/schema\/logo\/image\/\",\"url\":\"https:\/\/www.gvalaw.com\/wp-content\/uploads\/2018\/10\/GVAlaw-logo-retina.png\",\"contentUrl\":\"https:\/\/www.gvalaw.com\/wp-content\/uploads\/2018\/10\/GVAlaw-logo-retina.png\",\"width\":300,\"height\":112,\"caption\":\"Avocats \u00e0 Gen\u00e8ve| GVA law\"},\"image\":{\"@id\":\"https:\/\/www.gvalaw.com\/#\/schema\/logo\/image\/\"}},{\"@type\":\"Person\",\"@id\":\"https:\/\/www.gvalaw.com\/#\/schema\/person\/56c21fdb963079b476d399d9b1cb7650\",\"name\":\"Pierre Vuille\",\"image\":{\"@type\":\"ImageObject\",\"inLanguage\":\"en-US\",\"@id\":\"https:\/\/www.gvalaw.com\/#\/schema\/person\/image\/\",\"url\":\"https:\/\/secure.gravatar.com\/avatar\/1ae492b5843d68ed20a9b82cdf98a6a5?s=96&d=mm&r=g\",\"contentUrl\":\"https:\/\/secure.gravatar.com\/avatar\/1ae492b5843d68ed20a9b82cdf98a6a5?s=96&d=mm&r=g\",\"caption\":\"Pierre Vuille\"}}]}<\/script>\n<!-- \/ Yoast SEO plugin. -->","yoast_head_json":{"title":"Photographies et droit d'auteur Articles GVA Law","description":"La Loi f\u00e9d\u00e9rale sur le droit d'auteur et les droits voisins a \u00e9t\u00e9 r\u00e9cemment modifi\u00e9e, impactant le r\u00e9gime applicable aux photographies.","robots":{"index":"index","follow":"follow","max-snippet":"max-snippet:-1","max-image-preview":"max-image-preview:large","max-video-preview":"max-video-preview:-1"},"canonical":"https:\/\/www.gvalaw.com\/en\/2020\/09\/25\/photographies-et-droit-dauteur\/","og_locale":"en_US","og_type":"article","og_title":"Photographies et droit d'auteur Articles GVA Law","og_description":"La Loi f\u00e9d\u00e9rale sur le droit d'auteur et les droits voisins a \u00e9t\u00e9 r\u00e9cemment modifi\u00e9e, impactant le r\u00e9gime applicable aux photographies.","og_url":"https:\/\/www.gvalaw.com\/en\/2020\/09\/25\/photographies-et-droit-dauteur\/","og_site_name":"Avocats \u00e0 Gen\u00e8ve | GVA law","article_published_time":"2020-09-25T13:57:52+00:00","article_modified_time":"2021-06-24T15:04:50+00:00","author":"Pierre Vuille","twitter_card":"summary_large_image","twitter_misc":{"Written by":"Pierre Vuille","Est. reading time":"4 minutes"},"schema":{"@context":"https:\/\/schema.org","@graph":[{"@type":"Article","@id":"https:\/\/www.gvalaw.com\/en\/2020\/09\/25\/photographies-et-droit-dauteur\/#article","isPartOf":{"@id":"https:\/\/www.gvalaw.com\/en\/2020\/09\/25\/photographies-et-droit-dauteur\/"},"author":{"name":"Pierre Vuille","@id":"https:\/\/www.gvalaw.com\/#\/schema\/person\/56c21fdb963079b476d399d9b1cb7650"},"headline":"Photographies et droit d&#8217;auteur","datePublished":"2020-09-25T13:57:52+00:00","dateModified":"2021-06-24T15:04:50+00:00","mainEntityOfPage":{"@id":"https:\/\/www.gvalaw.com\/en\/2020\/09\/25\/photographies-et-droit-dauteur\/"},"wordCount":1188,"commentCount":0,"publisher":{"@id":"https:\/\/www.gvalaw.com\/#organization"},"articleSection":["Intellectual property"],"inLanguage":"en-US","potentialAction":[{"@type":"CommentAction","name":"Comment","target":["https:\/\/www.gvalaw.com\/en\/2020\/09\/25\/photographies-et-droit-dauteur\/#respond"]}]},{"@type":"WebPage","@id":"https:\/\/www.gvalaw.com\/en\/2020\/09\/25\/photographies-et-droit-dauteur\/","url":"https:\/\/www.gvalaw.com\/en\/2020\/09\/25\/photographies-et-droit-dauteur\/","name":"Photographies et droit d'auteur Articles GVA Law","isPartOf":{"@id":"https:\/\/www.gvalaw.com\/#website"},"datePublished":"2020-09-25T13:57:52+00:00","dateModified":"2021-06-24T15:04:50+00:00","description":"La Loi f\u00e9d\u00e9rale sur le droit d'auteur et les droits voisins a \u00e9t\u00e9 r\u00e9cemment modifi\u00e9e, impactant le r\u00e9gime applicable aux photographies.","breadcrumb":{"@id":"https:\/\/www.gvalaw.com\/en\/2020\/09\/25\/photographies-et-droit-dauteur\/#breadcrumb"},"inLanguage":"en-US","potentialAction":[{"@type":"ReadAction","target":["https:\/\/www.gvalaw.com\/en\/2020\/09\/25\/photographies-et-droit-dauteur\/"]}]},{"@type":"BreadcrumbList","@id":"https:\/\/www.gvalaw.com\/en\/2020\/09\/25\/photographies-et-droit-dauteur\/#breadcrumb","itemListElement":[{"@type":"ListItem","position":1,"name":"Home","item":"https:\/\/www.gvalaw.com\/en\/home\/"},{"@type":"ListItem","position":2,"name":"Photographies et droit d&#8217;auteur"}]},{"@type":"WebSite","@id":"https:\/\/www.gvalaw.com\/#website","url":"https:\/\/www.gvalaw.com\/","name":"Avocats \u00e0 Gen\u00e8ve | GVA law","description":"avocats gen\u00e8ve, cabinet d&#039;avocats gen\u00e8ve , avocats Gen\u00e8ve","publisher":{"@id":"https:\/\/www.gvalaw.com\/#organization"},"potentialAction":[{"@type":"SearchAction","target":{"@type":"EntryPoint","urlTemplate":"https:\/\/www.gvalaw.com\/?s={search_term_string}"},"query-input":{"@type":"PropertyValueSpecification","valueRequired":true,"valueName":"search_term_string"}}],"inLanguage":"en-US"},{"@type":"Organization","@id":"https:\/\/www.gvalaw.com\/#organization","name":"Avocats \u00e0 Gen\u00e8ve| GVA law","url":"https:\/\/www.gvalaw.com\/","logo":{"@type":"ImageObject","inLanguage":"en-US","@id":"https:\/\/www.gvalaw.com\/#\/schema\/logo\/image\/","url":"https:\/\/www.gvalaw.com\/wp-content\/uploads\/2018\/10\/GVAlaw-logo-retina.png","contentUrl":"https:\/\/www.gvalaw.com\/wp-content\/uploads\/2018\/10\/GVAlaw-logo-retina.png","width":300,"height":112,"caption":"Avocats \u00e0 Gen\u00e8ve| GVA law"},"image":{"@id":"https:\/\/www.gvalaw.com\/#\/schema\/logo\/image\/"}},{"@type":"Person","@id":"https:\/\/www.gvalaw.com\/#\/schema\/person\/56c21fdb963079b476d399d9b1cb7650","name":"Pierre Vuille","image":{"@type":"ImageObject","inLanguage":"en-US","@id":"https:\/\/www.gvalaw.com\/#\/schema\/person\/image\/","url":"https:\/\/secure.gravatar.com\/avatar\/1ae492b5843d68ed20a9b82cdf98a6a5?s=96&d=mm&r=g","contentUrl":"https:\/\/secure.gravatar.com\/avatar\/1ae492b5843d68ed20a9b82cdf98a6a5?s=96&d=mm&r=g","caption":"Pierre Vuille"}}]}},"_links":{"self":[{"href":"https:\/\/www.gvalaw.com\/en\/wp-json\/wp\/v2\/posts\/2663"}],"collection":[{"href":"https:\/\/www.gvalaw.com\/en\/wp-json\/wp\/v2\/posts"}],"about":[{"href":"https:\/\/www.gvalaw.com\/en\/wp-json\/wp\/v2\/types\/post"}],"author":[{"embeddable":true,"href":"https:\/\/www.gvalaw.com\/en\/wp-json\/wp\/v2\/users\/6"}],"replies":[{"embeddable":true,"href":"https:\/\/www.gvalaw.com\/en\/wp-json\/wp\/v2\/comments?post=2663"}],"version-history":[{"count":7,"href":"https:\/\/www.gvalaw.com\/en\/wp-json\/wp\/v2\/posts\/2663\/revisions"}],"predecessor-version":[{"id":2766,"href":"https:\/\/www.gvalaw.com\/en\/wp-json\/wp\/v2\/posts\/2663\/revisions\/2766"}],"wp:attachment":[{"href":"https:\/\/www.gvalaw.com\/en\/wp-json\/wp\/v2\/media?parent=2663"}],"wp:term":[{"taxonomy":"category","embeddable":true,"href":"https:\/\/www.gvalaw.com\/en\/wp-json\/wp\/v2\/categories?post=2663"},{"taxonomy":"post_tag","embeddable":true,"href":"https:\/\/www.gvalaw.com\/en\/wp-json\/wp\/v2\/tags?post=2663"}],"curies":[{"name":"wp","href":"https:\/\/api.w.org\/{rel}","templated":true}]}}