{"id":2677,"date":"2020-10-07T12:58:50","date_gmt":"2020-10-07T12:58:50","guid":{"rendered":"https:\/\/gvalaw.com\/?p=2677"},"modified":"2021-06-24T15:03:40","modified_gmt":"2021-06-24T15:03:40","slug":"photographs-copyright-amendment-of-the-copyright-act","status":"publish","type":"post","link":"https:\/\/www.gvalaw.com\/en\/2020\/10\/07\/photographs-copyright-amendment-of-the-copyright-act\/","title":{"rendered":"Photographs copyright &#8211; amendment of the Copyright Act"},"content":{"rendered":"<div class=\"fusion-fullwidth fullwidth-box fusion-builder-row-1 fusion-flex-container nonhundred-percent-fullwidth non-hundred-percent-height-scrolling\" style=\"background-color: rgba(255,255,255,0);background-position: center center;background-repeat: no-repeat;border-width: 0px 0px 0px 0px;border-color:#eae9e9;border-style:solid;\" ><div class=\"fusion-builder-row fusion-row fusion-flex-align-items-flex-start\" style=\"max-width:1216.8px;margin-left: calc(-4% \/ 2 );margin-right: calc(-4% \/ 2 );\"><div class=\"fusion-layout-column fusion_builder_column fusion-builder-column-0 fusion_builder_column_1_1 1_1 fusion-flex-column\"><div class=\"fusion-column-wrapper fusion-flex-justify-content-flex-start fusion-content-layout-column\" style=\"background-position:left top;background-repeat:no-repeat;-webkit-background-size:cover;-moz-background-size:cover;-o-background-size:cover;background-size:cover;padding: 0px 0px 0px 0px;\"><div class=\"fusion-text fusion-text-1\"><h3>Context :<\/h3>\n<p>The <a href=\"https:\/\/www.admin.ch\/opc\/en\/classified-compilation\/19920251\/index.html\" target=\"_blank\" rel=\"noopener noreferrer\">Federal Act on Copyright and Related Rights (Copyright Act, CopA)<\/a> has undergone significant modifications, applicable since April 1<sup>st<\/sup>, 2020, offering stronger photographs copyright protection. Since that date, any photograph of three-dimensional objects is considered as works protected by copyright, even if it does not have individual character. This constitutes a considerable change in comparison to the previous version of the law, which required, in particular, that a photograph presented individual character in order to be protected by copyright.<\/p>\n<h3>Previous legal provisions<\/h3>\n<p>According to the previous applicable provisions of the Act, any photograph had to present individual character in order for its author to be able to claim a copyright under the law. According to the Swiss Supreme Court, a photograph\u2019s individual character may depend on various criteria, including the technical means used by the photographer, the choice of subject, the framing, the moment of the shooting, the use of a specific lens, etc. But the result obtained is of a particular importance, the works must express an idea with individual character. More simply, the photograph cannot be ordinary and has to present a certain originality, in order to have individual character.<\/p>\n<p>This abstract criterion was controversial and problematic for photographers, especially for press photographers. Indeed, their photographs documenting events were rarely considered has having individual character, therefore excluding them from copyright protection.<\/p>\n<h3>Photographs protection<\/h3>\n<p>Photographs now only have to fulfill two conditions to be considered as works under the Copyright Act and thus benefit from the copyright protection.<\/p>\n<p>First of all, they must have been taken by a human, which excludes photographs taken automatically, for example by a radar. Secondly, they must represent a three-dimensional object. Therefore, photographs of plans and drawings do not fall within the scope of the Copyright Act.<\/p>\n<h3>Length of the protection<\/h3>\n<p>Photographs without individual character fulfilling the conditions of the Copyright Act are protected during fifty years after their creation.<\/p>\n<p>Photographs with individual character are protected during seventy years after the passing of their author.<\/p>\n<h3>Works created before April 1<sup>st<\/sup>, 2020<\/h3>\n<p>The amended Copyright Act also applies to photographs taken before its entry into force, provided that such photographs have not fallen into the public domain. Therefore, a photograph without individual character can be protected, even if it has been taken before April 1<sup>st<\/sup>, 2020.<\/p>\n<p>Nevertheless, if a photograph that would be protected by the amended Copyright Act has been used lawfully under the previous applicable version of the Act, it does not pose a problem. Therefore, a photograph without individual character lawfully used on a website before April 1<sup>st<\/sup>, 2020, can still be used without the consent of its author.<\/p>\n<p>The GVA law team assists you with regard to these legislative modifications. Our attorneys are available for any enquiry.<\/p>\n<p><a href=\"https:\/\/gvalaw.com\/en\/portfolio-items\/pierre-vuille\/\" target=\"_blank\" rel=\"noopener noreferrer\"><strong>Pierre Vuille<\/strong><\/a>, Attorney-at-law<\/p>\n<p><a href=\"tel:+41228394466\" target=\"_blank\" rel=\"noopener noreferrer\">+41 22 839 44 66<\/a><br \/>\n<a href=\"mailto:pvuille@gvalaw.com\" target=\"_blank\" rel=\"noopener noreferrer\">pvuille@gvalaw.com<\/a><\/p>\n<\/div><\/div><style type=\"text\/css\">.fusion-body .fusion-builder-column-0{width:100% !important;margin-top : 0px;margin-bottom : 20px;}.fusion-builder-column-0 > .fusion-column-wrapper {padding-top : 0px !important;padding-right : 0px !important;margin-right : 1.92%;padding-bottom : 0px !important;padding-left : 0px !important;margin-left : 1.92%;}@media only screen and (max-width:1024px) {.fusion-body .fusion-builder-column-0{width:100% !important;order : 0;}.fusion-builder-column-0 > .fusion-column-wrapper {margin-right : 1.92%;margin-left : 1.92%;}}@media only screen and (max-width:850px) {.fusion-body .fusion-builder-column-0{width:100% !important;order : 0;}.fusion-builder-column-0 > .fusion-column-wrapper {margin-right : 1.92%;margin-left : 1.92%;}}<\/style><\/div><\/div><style type=\"text\/css\">.fusion-body .fusion-flex-container.fusion-builder-row-1{ padding-top : 0px;margin-top : 0px;padding-right : 0px;padding-bottom : 0px;margin-bottom : 0px;padding-left : 0px;}<\/style><\/div>\n","protected":false},"excerpt":{"rendered":"","protected":false},"author":6,"featured_media":0,"comment_status":"open","ping_status":"open","sticky":false,"template":"","format":"standard","meta":{"footnotes":""},"categories":[93],"tags":[],"yoast_head":"<!-- This site is optimized with the Yoast SEO plugin v23.5 - https:\/\/yoast.com\/wordpress\/plugins\/seo\/ -->\n<title>Photographs copyright - amendment of the Copyright Act Articles GVA Law<\/title>\n<meta name=\"description\" content=\"The Swiss Federal Act on Copyright and Related Rights has been modified to offer a stronger photographs copyright protection in Switzerland.\" \/>\n<meta name=\"robots\" content=\"index, follow, max-snippet:-1, max-image-preview:large, max-video-preview:-1\" \/>\n<link rel=\"canonical\" href=\"https:\/\/www.gvalaw.com\/en\/2020\/10\/07\/photographs-copyright-amendment-of-the-copyright-act\/\" \/>\n<meta property=\"og:locale\" content=\"en_US\" \/>\n<meta property=\"og:type\" content=\"article\" \/>\n<meta property=\"og:title\" content=\"Photographs copyright - amendment of the Copyright Act Articles GVA Law\" \/>\n<meta property=\"og:description\" content=\"The Swiss Federal Act on Copyright and Related Rights has been modified to offer a stronger photographs copyright protection in Switzerland.\" \/>\n<meta property=\"og:url\" content=\"https:\/\/www.gvalaw.com\/en\/2020\/10\/07\/photographs-copyright-amendment-of-the-copyright-act\/\" \/>\n<meta property=\"og:site_name\" content=\"Avocats \u00e0 Gen\u00e8ve | GVA law\" \/>\n<meta property=\"article:published_time\" content=\"2020-10-07T12:58:50+00:00\" \/>\n<meta property=\"article:modified_time\" content=\"2021-06-24T15:03:40+00:00\" \/>\n<meta name=\"author\" content=\"Pierre Vuille\" \/>\n<meta name=\"twitter:card\" content=\"summary_large_image\" \/>\n<meta name=\"twitter:label1\" content=\"Written by\" \/>\n\t<meta name=\"twitter:data1\" content=\"Pierre Vuille\" \/>\n\t<meta name=\"twitter:label2\" content=\"Est. reading time\" \/>\n\t<meta name=\"twitter:data2\" content=\"4 minutes\" \/>\n<script type=\"application\/ld+json\" class=\"yoast-schema-graph\">{\"@context\":\"https:\/\/schema.org\",\"@graph\":[{\"@type\":\"Article\",\"@id\":\"https:\/\/www.gvalaw.com\/en\/2020\/10\/07\/photographs-copyright-amendment-of-the-copyright-act\/#article\",\"isPartOf\":{\"@id\":\"https:\/\/www.gvalaw.com\/en\/2020\/10\/07\/photographs-copyright-amendment-of-the-copyright-act\/\"},\"author\":{\"name\":\"Pierre Vuille\",\"@id\":\"https:\/\/www.gvalaw.com\/#\/schema\/person\/56c21fdb963079b476d399d9b1cb7650\"},\"headline\":\"Photographs copyright &#8211; amendment of the Copyright Act\",\"datePublished\":\"2020-10-07T12:58:50+00:00\",\"dateModified\":\"2021-06-24T15:03:40+00:00\",\"mainEntityOfPage\":{\"@id\":\"https:\/\/www.gvalaw.com\/en\/2020\/10\/07\/photographs-copyright-amendment-of-the-copyright-act\/\"},\"wordCount\":1058,\"commentCount\":0,\"publisher\":{\"@id\":\"https:\/\/www.gvalaw.com\/#organization\"},\"articleSection\":[\"Intellectual property\"],\"inLanguage\":\"en-US\",\"potentialAction\":[{\"@type\":\"CommentAction\",\"name\":\"Comment\",\"target\":[\"https:\/\/www.gvalaw.com\/en\/2020\/10\/07\/photographs-copyright-amendment-of-the-copyright-act\/#respond\"]}]},{\"@type\":\"WebPage\",\"@id\":\"https:\/\/www.gvalaw.com\/en\/2020\/10\/07\/photographs-copyright-amendment-of-the-copyright-act\/\",\"url\":\"https:\/\/www.gvalaw.com\/en\/2020\/10\/07\/photographs-copyright-amendment-of-the-copyright-act\/\",\"name\":\"Photographs copyright - amendment of the Copyright Act Articles GVA Law\",\"isPartOf\":{\"@id\":\"https:\/\/www.gvalaw.com\/#website\"},\"datePublished\":\"2020-10-07T12:58:50+00:00\",\"dateModified\":\"2021-06-24T15:03:40+00:00\",\"description\":\"The Swiss Federal Act on Copyright and Related Rights has been modified to offer a stronger photographs copyright protection in Switzerland.\",\"breadcrumb\":{\"@id\":\"https:\/\/www.gvalaw.com\/en\/2020\/10\/07\/photographs-copyright-amendment-of-the-copyright-act\/#breadcrumb\"},\"inLanguage\":\"en-US\",\"potentialAction\":[{\"@type\":\"ReadAction\",\"target\":[\"https:\/\/www.gvalaw.com\/en\/2020\/10\/07\/photographs-copyright-amendment-of-the-copyright-act\/\"]}]},{\"@type\":\"BreadcrumbList\",\"@id\":\"https:\/\/www.gvalaw.com\/en\/2020\/10\/07\/photographs-copyright-amendment-of-the-copyright-act\/#breadcrumb\",\"itemListElement\":[{\"@type\":\"ListItem\",\"position\":1,\"name\":\"Home\",\"item\":\"https:\/\/www.gvalaw.com\/en\/home\/\"},{\"@type\":\"ListItem\",\"position\":2,\"name\":\"Photographs copyright &#8211; amendment of the Copyright Act\"}]},{\"@type\":\"WebSite\",\"@id\":\"https:\/\/www.gvalaw.com\/#website\",\"url\":\"https:\/\/www.gvalaw.com\/\",\"name\":\"Avocats \u00e0 Gen\u00e8ve | GVA law\",\"description\":\"avocats gen\u00e8ve, cabinet d&#039;avocats gen\u00e8ve , avocats Gen\u00e8ve\",\"publisher\":{\"@id\":\"https:\/\/www.gvalaw.com\/#organization\"},\"potentialAction\":[{\"@type\":\"SearchAction\",\"target\":{\"@type\":\"EntryPoint\",\"urlTemplate\":\"https:\/\/www.gvalaw.com\/?s={search_term_string}\"},\"query-input\":{\"@type\":\"PropertyValueSpecification\",\"valueRequired\":true,\"valueName\":\"search_term_string\"}}],\"inLanguage\":\"en-US\"},{\"@type\":\"Organization\",\"@id\":\"https:\/\/www.gvalaw.com\/#organization\",\"name\":\"Avocats \u00e0 Gen\u00e8ve| GVA law\",\"url\":\"https:\/\/www.gvalaw.com\/\",\"logo\":{\"@type\":\"ImageObject\",\"inLanguage\":\"en-US\",\"@id\":\"https:\/\/www.gvalaw.com\/#\/schema\/logo\/image\/\",\"url\":\"https:\/\/www.gvalaw.com\/wp-content\/uploads\/2018\/10\/GVAlaw-logo-retina.png\",\"contentUrl\":\"https:\/\/www.gvalaw.com\/wp-content\/uploads\/2018\/10\/GVAlaw-logo-retina.png\",\"width\":300,\"height\":112,\"caption\":\"Avocats \u00e0 Gen\u00e8ve| GVA law\"},\"image\":{\"@id\":\"https:\/\/www.gvalaw.com\/#\/schema\/logo\/image\/\"}},{\"@type\":\"Person\",\"@id\":\"https:\/\/www.gvalaw.com\/#\/schema\/person\/56c21fdb963079b476d399d9b1cb7650\",\"name\":\"Pierre Vuille\",\"image\":{\"@type\":\"ImageObject\",\"inLanguage\":\"en-US\",\"@id\":\"https:\/\/www.gvalaw.com\/#\/schema\/person\/image\/\",\"url\":\"https:\/\/secure.gravatar.com\/avatar\/1ae492b5843d68ed20a9b82cdf98a6a5?s=96&d=mm&r=g\",\"contentUrl\":\"https:\/\/secure.gravatar.com\/avatar\/1ae492b5843d68ed20a9b82cdf98a6a5?s=96&d=mm&r=g\",\"caption\":\"Pierre Vuille\"}}]}<\/script>\n<!-- \/ Yoast SEO plugin. -->","yoast_head_json":{"title":"Photographs copyright - amendment of the Copyright Act Articles GVA Law","description":"The Swiss Federal Act on Copyright and Related Rights has been modified to offer a stronger photographs copyright protection in Switzerland.","robots":{"index":"index","follow":"follow","max-snippet":"max-snippet:-1","max-image-preview":"max-image-preview:large","max-video-preview":"max-video-preview:-1"},"canonical":"https:\/\/www.gvalaw.com\/en\/2020\/10\/07\/photographs-copyright-amendment-of-the-copyright-act\/","og_locale":"en_US","og_type":"article","og_title":"Photographs copyright - amendment of the Copyright Act Articles GVA Law","og_description":"The Swiss Federal Act on Copyright and Related Rights has been modified to offer a stronger photographs copyright protection in Switzerland.","og_url":"https:\/\/www.gvalaw.com\/en\/2020\/10\/07\/photographs-copyright-amendment-of-the-copyright-act\/","og_site_name":"Avocats \u00e0 Gen\u00e8ve | GVA law","article_published_time":"2020-10-07T12:58:50+00:00","article_modified_time":"2021-06-24T15:03:40+00:00","author":"Pierre Vuille","twitter_card":"summary_large_image","twitter_misc":{"Written by":"Pierre Vuille","Est. reading time":"4 minutes"},"schema":{"@context":"https:\/\/schema.org","@graph":[{"@type":"Article","@id":"https:\/\/www.gvalaw.com\/en\/2020\/10\/07\/photographs-copyright-amendment-of-the-copyright-act\/#article","isPartOf":{"@id":"https:\/\/www.gvalaw.com\/en\/2020\/10\/07\/photographs-copyright-amendment-of-the-copyright-act\/"},"author":{"name":"Pierre Vuille","@id":"https:\/\/www.gvalaw.com\/#\/schema\/person\/56c21fdb963079b476d399d9b1cb7650"},"headline":"Photographs copyright &#8211; amendment of the Copyright Act","datePublished":"2020-10-07T12:58:50+00:00","dateModified":"2021-06-24T15:03:40+00:00","mainEntityOfPage":{"@id":"https:\/\/www.gvalaw.com\/en\/2020\/10\/07\/photographs-copyright-amendment-of-the-copyright-act\/"},"wordCount":1058,"commentCount":0,"publisher":{"@id":"https:\/\/www.gvalaw.com\/#organization"},"articleSection":["Intellectual property"],"inLanguage":"en-US","potentialAction":[{"@type":"CommentAction","name":"Comment","target":["https:\/\/www.gvalaw.com\/en\/2020\/10\/07\/photographs-copyright-amendment-of-the-copyright-act\/#respond"]}]},{"@type":"WebPage","@id":"https:\/\/www.gvalaw.com\/en\/2020\/10\/07\/photographs-copyright-amendment-of-the-copyright-act\/","url":"https:\/\/www.gvalaw.com\/en\/2020\/10\/07\/photographs-copyright-amendment-of-the-copyright-act\/","name":"Photographs copyright - amendment of the Copyright Act Articles GVA Law","isPartOf":{"@id":"https:\/\/www.gvalaw.com\/#website"},"datePublished":"2020-10-07T12:58:50+00:00","dateModified":"2021-06-24T15:03:40+00:00","description":"The Swiss Federal Act on Copyright and Related Rights has been modified to offer a stronger photographs copyright protection in Switzerland.","breadcrumb":{"@id":"https:\/\/www.gvalaw.com\/en\/2020\/10\/07\/photographs-copyright-amendment-of-the-copyright-act\/#breadcrumb"},"inLanguage":"en-US","potentialAction":[{"@type":"ReadAction","target":["https:\/\/www.gvalaw.com\/en\/2020\/10\/07\/photographs-copyright-amendment-of-the-copyright-act\/"]}]},{"@type":"BreadcrumbList","@id":"https:\/\/www.gvalaw.com\/en\/2020\/10\/07\/photographs-copyright-amendment-of-the-copyright-act\/#breadcrumb","itemListElement":[{"@type":"ListItem","position":1,"name":"Home","item":"https:\/\/www.gvalaw.com\/en\/home\/"},{"@type":"ListItem","position":2,"name":"Photographs copyright &#8211; amendment of the Copyright Act"}]},{"@type":"WebSite","@id":"https:\/\/www.gvalaw.com\/#website","url":"https:\/\/www.gvalaw.com\/","name":"Avocats \u00e0 Gen\u00e8ve | GVA law","description":"avocats gen\u00e8ve, cabinet d&#039;avocats gen\u00e8ve , avocats Gen\u00e8ve","publisher":{"@id":"https:\/\/www.gvalaw.com\/#organization"},"potentialAction":[{"@type":"SearchAction","target":{"@type":"EntryPoint","urlTemplate":"https:\/\/www.gvalaw.com\/?s={search_term_string}"},"query-input":{"@type":"PropertyValueSpecification","valueRequired":true,"valueName":"search_term_string"}}],"inLanguage":"en-US"},{"@type":"Organization","@id":"https:\/\/www.gvalaw.com\/#organization","name":"Avocats \u00e0 Gen\u00e8ve| GVA law","url":"https:\/\/www.gvalaw.com\/","logo":{"@type":"ImageObject","inLanguage":"en-US","@id":"https:\/\/www.gvalaw.com\/#\/schema\/logo\/image\/","url":"https:\/\/www.gvalaw.com\/wp-content\/uploads\/2018\/10\/GVAlaw-logo-retina.png","contentUrl":"https:\/\/www.gvalaw.com\/wp-content\/uploads\/2018\/10\/GVAlaw-logo-retina.png","width":300,"height":112,"caption":"Avocats \u00e0 Gen\u00e8ve| GVA law"},"image":{"@id":"https:\/\/www.gvalaw.com\/#\/schema\/logo\/image\/"}},{"@type":"Person","@id":"https:\/\/www.gvalaw.com\/#\/schema\/person\/56c21fdb963079b476d399d9b1cb7650","name":"Pierre Vuille","image":{"@type":"ImageObject","inLanguage":"en-US","@id":"https:\/\/www.gvalaw.com\/#\/schema\/person\/image\/","url":"https:\/\/secure.gravatar.com\/avatar\/1ae492b5843d68ed20a9b82cdf98a6a5?s=96&d=mm&r=g","contentUrl":"https:\/\/secure.gravatar.com\/avatar\/1ae492b5843d68ed20a9b82cdf98a6a5?s=96&d=mm&r=g","caption":"Pierre Vuille"}}]}},"_links":{"self":[{"href":"https:\/\/www.gvalaw.com\/en\/wp-json\/wp\/v2\/posts\/2677"}],"collection":[{"href":"https:\/\/www.gvalaw.com\/en\/wp-json\/wp\/v2\/posts"}],"about":[{"href":"https:\/\/www.gvalaw.com\/en\/wp-json\/wp\/v2\/types\/post"}],"author":[{"embeddable":true,"href":"https:\/\/www.gvalaw.com\/en\/wp-json\/wp\/v2\/users\/6"}],"replies":[{"embeddable":true,"href":"https:\/\/www.gvalaw.com\/en\/wp-json\/wp\/v2\/comments?post=2677"}],"version-history":[{"count":7,"href":"https:\/\/www.gvalaw.com\/en\/wp-json\/wp\/v2\/posts\/2677\/revisions"}],"predecessor-version":[{"id":2765,"href":"https:\/\/www.gvalaw.com\/en\/wp-json\/wp\/v2\/posts\/2677\/revisions\/2765"}],"wp:attachment":[{"href":"https:\/\/www.gvalaw.com\/en\/wp-json\/wp\/v2\/media?parent=2677"}],"wp:term":[{"taxonomy":"category","embeddable":true,"href":"https:\/\/www.gvalaw.com\/en\/wp-json\/wp\/v2\/categories?post=2677"},{"taxonomy":"post_tag","embeddable":true,"href":"https:\/\/www.gvalaw.com\/en\/wp-json\/wp\/v2\/tags?post=2677"}],"curies":[{"name":"wp","href":"https:\/\/api.w.org\/{rel}","templated":true}]}}