{"id":2699,"date":"2020-12-02T20:34:47","date_gmt":"2020-12-02T20:34:47","guid":{"rendered":"https:\/\/gvalaw.com\/?p=2699"},"modified":"2021-06-24T14:49:56","modified_gmt":"2021-06-24T14:49:56","slug":"contrat-dassurance-revision-de-la-lca","status":"publish","type":"post","link":"https:\/\/www.gvalaw.com\/en\/2020\/12\/02\/contrat-dassurance-revision-de-la-lca\/","title":{"rendered":"Contrat d&#8217;assurance &#8211; r\u00e9vision de la LCA"},"content":{"rendered":"<div class=\"fusion-fullwidth fullwidth-box fusion-builder-row-1 fusion-flex-container nonhundred-percent-fullwidth non-hundred-percent-height-scrolling\" style=\"background-color: rgba(255,255,255,0);background-position: center center;background-repeat: no-repeat;border-width: 0px 0px 0px 0px;border-color:#eae9e9;border-style:solid;\" ><div class=\"fusion-builder-row fusion-row fusion-flex-align-items-flex-start\" style=\"max-width:1216.8px;margin-left: calc(-4% \/ 2 );margin-right: calc(-4% \/ 2 );\"><div class=\"fusion-layout-column fusion_builder_column fusion-builder-column-0 fusion_builder_column_1_1 1_1 fusion-flex-column\"><div class=\"fusion-column-wrapper fusion-flex-justify-content-flex-start fusion-content-layout-column\" style=\"background-position:left top;background-repeat:no-repeat;-webkit-background-size:cover;-moz-background-size:cover;-o-background-size:cover;background-size:cover;padding: 0px 0px 0px 0px;\"><div class=\"fusion-text fusion-text-1\"><h3><strong>Contrat d&#8217;assurance :<\/strong><\/h3>\n<p>La r\u00e9vision de la <a href=\"https:\/\/www.admin.ch\/opc\/fr\/classified-compilation\/19080008\/index.html\" target=\"_blank\" rel=\"noopener noreferrer\">Loi sur le contrat d\u2019assurance (LCA)<\/a> entrera en vigueur le 1<sup>er<\/sup> janvier 2022. Elle am\u00e8nera passablement de modifications applicables \u00e0 la conclusion d&#8217;un contrat d&#8217;assurance, ainsi qu&#8217;aux modalit\u00e9s d&#8217;application des contrats.<\/p>\n<p>La loi r\u00e9git les relations entre les assurances priv\u00e9es et leurs clients, notamment en ce qui concerne les assurances m\u00e9nage, les assurances responsabilit\u00e9 civile, les assurances de protection juridique ou encore les assurances-maladies compl\u00e9mentaires et pertes de gains.<\/p>\n<p>Les principales nouveaut\u00e9s pr\u00e9vues par la r\u00e9vision sont les suivantes.<\/p>\n<h3><strong>Droit de r\u00e9vocation<\/strong><\/h3>\n<p>Un <strong>droit de r\u00e9vocation de 14 jours<\/strong> est instaur\u00e9 pour les preneurs d\u2019assurance. Concr\u00e8tement, cela signifie qu\u2019il est possible, pour un assur\u00e9, de changer d\u2019avis m\u00eame apr\u00e8s la signature d&#8217;un contrat d&#8217;assurance et de s&#8217;en d\u00e9partir dans les 14 jours suivant sa conclusion.<\/p>\n<p>L\u2019assureur a <strong>l\u2019obligation d\u2019informer<\/strong> le preneur d\u2019assurance <strong>de son droit de r\u00e9vocation<\/strong>. L\u2019information doit avoir lieu avant la conclusion du contrat.<\/p>\n<h3><strong>R\u00e9siliation anticip\u00e9e<\/strong><\/h3>\n<p>Une <strong>r\u00e9siliation anticip\u00e9e du contrat <\/strong>est possible<strong> apr\u00e8s 3 ans<\/strong>, m\u00eame si le contrat a \u00e9t\u00e9 conclu pour une dur\u00e9e plus longue. Les assur\u00e9s, tout comme les assureurs, pourront donc mettre un terme \u00e0 leurs contrats, \u00e0 l\u2019\u00e9ch\u00e9ance de la troisi\u00e8me ann\u00e9e d\u2019assurance, peu importe la dur\u00e9e initialement pr\u00e9vue.<\/p>\n<p>L\u2019assur\u00e9 est \u00e9galement en <strong>droit de r\u00e9silier le contrat<\/strong>\u00a0en cas de <strong>diminution du risque assur\u00e9<\/strong>, moyennant un pr\u00e9avis de 4 semaines.<\/p>\n<h3><strong>R\u00e9siliation en cas de sinistre<\/strong><\/h3>\n<p>Il ne sera plus possible pour l\u2019assureur-maladie (compl\u00e9mentaire) de<strong> r\u00e9silier le contrat en cas de sinistre<\/strong>. Jusqu\u2019\u00e0 pr\u00e9sent, un assureur-maladie compl\u00e9mentaire pouvait r\u00e9silier le contrat suite \u00e0 une maladie ou un accident donnant lieu au versement de prestations. Ce droit de r\u00e9siliation ne sera plus \u00e0 disposition des assureurs, d\u00e8s l\u2019entr\u00e9e en vigueur de la loi r\u00e9vis\u00e9e. Seuls les assur\u00e9s disposeront d\u2019un droit de r\u00e9siliation en cas de sinistre.<\/p>\n<h3><strong>D\u00e9lai de prescription<\/strong><\/h3>\n<p>Le <strong>d\u00e9lai de prescription <\/strong>pour r\u00e9clamer des pr\u00e9tentions d\u00e9coulant de contrats d\u2019assurance passe de 2 \u00e0 5 ans. Autrement dit, les assur\u00e9s disposent de 5 ans \u00e0 compter du sinistre pour faire valoir leurs droits aupr\u00e8s de l\u2019assurance.<\/p>\n<h3><strong>Assurance r\u00e9troactive<\/strong><\/h3>\n<p>Une possibilit\u00e9 <strong>d&#8217;assurance r\u00e9troactive<\/strong> est introduite, avec la facult\u00e9 pour les parties \u00e0 un contrat d&#8217;assurance de d\u00e9cider d\u2019une date de couverture ant\u00e9rieure \u00e0 la date de signature du contrat. Il est pour cela n\u00e9cessaire que le preneur d\u2019assurance communique \u00e0 son assurance l\u2019\u00e9v\u00e8nement d\u00e9j\u00e0 survenu au moment de la signature du contrat.<\/p>\n<h3><strong>Communications \u00e9lectroniques<\/strong><\/h3>\n<p>Une adaptation aux <strong>moyens de communications \u00e9lectroniques<\/strong> sera introduite, avec la possibilit\u00e9 de r\u00e9silier un contrat d\u2019assurance par courriel. La loi r\u00e9vis\u00e9e dispose en effet qu\u2019il est possible de r\u00e9silier un contrat \u00ab <em>par tout autre moyen permettant d\u2019en \u00e9tablir la preuve par un texte<\/em> \u00bb.<\/p>\n<h3><strong>Droit d&#8217;action directe<\/strong><\/h3>\n<p>Un <strong>droit d\u2019action directe<\/strong> g\u00e9n\u00e9ral est introduit \u00e0 l\u2019encontre des assurances responsabilit\u00e9 civile. Il sera d\u00e9sormais possible pour une personne ayant subi un dommage de s\u2019adresser directement \u00e0 l\u2019assurance responsabilit\u00e9 civile de son auteur, afin d\u2019en demander la r\u00e9paration. Cela permettra de simplifier et de raccourcir les proc\u00e9dures en r\u00e9clamation de dommages-int\u00e9r\u00eats.<\/p>\n<p>La r\u00e9vision de la Loi sur le contrat d&#8217;assurance am\u00e8ne des modifications \u00e0 une loi datant de plus de 110 ans, en la modernisant et en apportant des protections suppl\u00e9mentaires en mati\u00e8re d&#8217;assurance priv\u00e9e.<\/p>\n<p>L\u2019\u00c9tude GVA law vous assiste dans le cadre de ces modifications l\u00e9gislatives. Nos avocats se tiennent \u00e0 votre disposition pour toute question.<\/p>\n<p><a href=\"http:\/\/www.gvalaw.com\" target=\"_blank\" rel=\"noopener noreferrer\"><strong>GVA law<\/strong><\/a><\/p>\n<p><a href=\"tel:0041228394466\" target=\"_blank\" rel=\"noopener noreferrer\">+41 22 839 44 66<\/a><br \/>\n<a href=\"mailto:info@gvalaw.com\" target=\"_blank\" rel=\"noopener noreferrer\">info@gvalaw.com<\/a><\/p>\n<\/div><\/div><style type=\"text\/css\">.fusion-body .fusion-builder-column-0{width:100% !important;margin-top : 0px;margin-bottom : 20px;}.fusion-builder-column-0 > .fusion-column-wrapper {padding-top : 0px !important;padding-right : 0px !important;margin-right : 1.92%;padding-bottom : 0px !important;padding-left : 0px !important;margin-left : 1.92%;}@media only screen and (max-width:1024px) {.fusion-body .fusion-builder-column-0{width:100% !important;order : 0;}.fusion-builder-column-0 > .fusion-column-wrapper {margin-right : 1.92%;margin-left : 1.92%;}}@media only screen and (max-width:850px) {.fusion-body .fusion-builder-column-0{width:100% !important;order : 0;}.fusion-builder-column-0 > .fusion-column-wrapper {margin-right : 1.92%;margin-left : 1.92%;}}<\/style><\/div><\/div><style type=\"text\/css\">.fusion-body .fusion-flex-container.fusion-builder-row-1{ padding-top : 0px;margin-top : 0px;padding-right : 0px;padding-bottom : 0px;margin-bottom : 0px;padding-left : 0px;}<\/style><\/div>\n","protected":false},"excerpt":{"rendered":"","protected":false},"author":7,"featured_media":0,"comment_status":"open","ping_status":"open","sticky":false,"template":"","format":"standard","meta":{"footnotes":""},"categories":[110,105],"tags":[],"yoast_head":"<!-- This site is optimized with the Yoast SEO plugin v23.5 - https:\/\/yoast.com\/wordpress\/plugins\/seo\/ -->\n<title>Contrat d&#039;assurance - r\u00e9vision de la LCA Articles GVA Law<\/title>\n<meta name=\"description\" content=\"La r\u00e9vision de la Loi sur le contrat d&#039;assurance (LCA) apportera, d\u00e8s le 1er janvier 2022, plusieurs nouveaut\u00e9s en mati\u00e8re d&#039;assurance priv\u00e9e.\" \/>\n<meta name=\"robots\" content=\"index, follow, max-snippet:-1, max-image-preview:large, max-video-preview:-1\" \/>\n<link rel=\"canonical\" href=\"https:\/\/www.gvalaw.com\/en\/2020\/12\/02\/contrat-dassurance-revision-de-la-lca\/\" \/>\n<meta property=\"og:locale\" content=\"en_US\" \/>\n<meta property=\"og:type\" content=\"article\" \/>\n<meta property=\"og:title\" content=\"Contrat d&#039;assurance - r\u00e9vision de la LCA Articles GVA Law\" \/>\n<meta property=\"og:description\" content=\"La r\u00e9vision de la Loi sur le contrat d&#039;assurance (LCA) apportera, d\u00e8s le 1er janvier 2022, plusieurs nouveaut\u00e9s en mati\u00e8re d&#039;assurance priv\u00e9e.\" \/>\n<meta property=\"og:url\" content=\"https:\/\/www.gvalaw.com\/en\/2020\/12\/02\/contrat-dassurance-revision-de-la-lca\/\" \/>\n<meta property=\"og:site_name\" content=\"Avocats \u00e0 Gen\u00e8ve | GVA law\" \/>\n<meta property=\"article:published_time\" content=\"2020-12-02T20:34:47+00:00\" \/>\n<meta property=\"article:modified_time\" content=\"2021-06-24T14:49:56+00:00\" \/>\n<meta name=\"author\" content=\"GVA law\" \/>\n<meta name=\"twitter:card\" content=\"summary_large_image\" \/>\n<meta name=\"twitter:label1\" content=\"Written by\" \/>\n\t<meta name=\"twitter:data1\" content=\"GVA law\" \/>\n\t<meta name=\"twitter:label2\" content=\"Est. reading time\" \/>\n\t<meta name=\"twitter:data2\" content=\"6 minutes\" \/>\n<script type=\"application\/ld+json\" class=\"yoast-schema-graph\">{\"@context\":\"https:\/\/schema.org\",\"@graph\":[{\"@type\":\"Article\",\"@id\":\"https:\/\/www.gvalaw.com\/en\/2020\/12\/02\/contrat-dassurance-revision-de-la-lca\/#article\",\"isPartOf\":{\"@id\":\"https:\/\/www.gvalaw.com\/en\/2020\/12\/02\/contrat-dassurance-revision-de-la-lca\/\"},\"author\":{\"name\":\"GVA law\",\"@id\":\"https:\/\/www.gvalaw.com\/#\/schema\/person\/ccc85da926411bfa1509bc2da35964e9\"},\"headline\":\"Contrat d&#8217;assurance &#8211; r\u00e9vision de la LCA\",\"datePublished\":\"2020-12-02T20:34:47+00:00\",\"dateModified\":\"2021-06-24T14:49:56+00:00\",\"mainEntityOfPage\":{\"@id\":\"https:\/\/www.gvalaw.com\/en\/2020\/12\/02\/contrat-dassurance-revision-de-la-lca\/\"},\"wordCount\":1238,\"commentCount\":0,\"publisher\":{\"@id\":\"https:\/\/www.gvalaw.com\/#organization\"},\"articleSection\":[\"News\",\"Social insurance\"],\"inLanguage\":\"en-US\",\"potentialAction\":[{\"@type\":\"CommentAction\",\"name\":\"Comment\",\"target\":[\"https:\/\/www.gvalaw.com\/en\/2020\/12\/02\/contrat-dassurance-revision-de-la-lca\/#respond\"]}]},{\"@type\":\"WebPage\",\"@id\":\"https:\/\/www.gvalaw.com\/en\/2020\/12\/02\/contrat-dassurance-revision-de-la-lca\/\",\"url\":\"https:\/\/www.gvalaw.com\/en\/2020\/12\/02\/contrat-dassurance-revision-de-la-lca\/\",\"name\":\"Contrat d'assurance - r\u00e9vision de la LCA Articles GVA Law\",\"isPartOf\":{\"@id\":\"https:\/\/www.gvalaw.com\/#website\"},\"datePublished\":\"2020-12-02T20:34:47+00:00\",\"dateModified\":\"2021-06-24T14:49:56+00:00\",\"description\":\"La r\u00e9vision de la Loi sur le contrat d'assurance (LCA) apportera, d\u00e8s le 1er janvier 2022, plusieurs nouveaut\u00e9s en mati\u00e8re d'assurance priv\u00e9e.\",\"breadcrumb\":{\"@id\":\"https:\/\/www.gvalaw.com\/en\/2020\/12\/02\/contrat-dassurance-revision-de-la-lca\/#breadcrumb\"},\"inLanguage\":\"en-US\",\"potentialAction\":[{\"@type\":\"ReadAction\",\"target\":[\"https:\/\/www.gvalaw.com\/en\/2020\/12\/02\/contrat-dassurance-revision-de-la-lca\/\"]}]},{\"@type\":\"BreadcrumbList\",\"@id\":\"https:\/\/www.gvalaw.com\/en\/2020\/12\/02\/contrat-dassurance-revision-de-la-lca\/#breadcrumb\",\"itemListElement\":[{\"@type\":\"ListItem\",\"position\":1,\"name\":\"Home\",\"item\":\"https:\/\/www.gvalaw.com\/en\/home\/\"},{\"@type\":\"ListItem\",\"position\":2,\"name\":\"Contrat d&#8217;assurance &#8211; r\u00e9vision de la LCA\"}]},{\"@type\":\"WebSite\",\"@id\":\"https:\/\/www.gvalaw.com\/#website\",\"url\":\"https:\/\/www.gvalaw.com\/\",\"name\":\"Avocats \u00e0 Gen\u00e8ve | GVA law\",\"description\":\"avocats gen\u00e8ve, cabinet d&#039;avocats gen\u00e8ve , avocats Gen\u00e8ve\",\"publisher\":{\"@id\":\"https:\/\/www.gvalaw.com\/#organization\"},\"potentialAction\":[{\"@type\":\"SearchAction\",\"target\":{\"@type\":\"EntryPoint\",\"urlTemplate\":\"https:\/\/www.gvalaw.com\/?s={search_term_string}\"},\"query-input\":{\"@type\":\"PropertyValueSpecification\",\"valueRequired\":true,\"valueName\":\"search_term_string\"}}],\"inLanguage\":\"en-US\"},{\"@type\":\"Organization\",\"@id\":\"https:\/\/www.gvalaw.com\/#organization\",\"name\":\"Avocats \u00e0 Gen\u00e8ve| GVA law\",\"url\":\"https:\/\/www.gvalaw.com\/\",\"logo\":{\"@type\":\"ImageObject\",\"inLanguage\":\"en-US\",\"@id\":\"https:\/\/www.gvalaw.com\/#\/schema\/logo\/image\/\",\"url\":\"https:\/\/www.gvalaw.com\/wp-content\/uploads\/2018\/10\/GVAlaw-logo-retina.png\",\"contentUrl\":\"https:\/\/www.gvalaw.com\/wp-content\/uploads\/2018\/10\/GVAlaw-logo-retina.png\",\"width\":300,\"height\":112,\"caption\":\"Avocats \u00e0 Gen\u00e8ve| GVA law\"},\"image\":{\"@id\":\"https:\/\/www.gvalaw.com\/#\/schema\/logo\/image\/\"}},{\"@type\":\"Person\",\"@id\":\"https:\/\/www.gvalaw.com\/#\/schema\/person\/ccc85da926411bfa1509bc2da35964e9\",\"name\":\"GVA law\",\"image\":{\"@type\":\"ImageObject\",\"inLanguage\":\"en-US\",\"@id\":\"https:\/\/www.gvalaw.com\/#\/schema\/person\/image\/\",\"url\":\"https:\/\/secure.gravatar.com\/avatar\/dacf38cbca1f0a08c473eb4fcf23752f?s=96&d=mm&r=g\",\"contentUrl\":\"https:\/\/secure.gravatar.com\/avatar\/dacf38cbca1f0a08c473eb4fcf23752f?s=96&d=mm&r=g\",\"caption\":\"GVA law\"}}]}<\/script>\n<!-- \/ Yoast SEO plugin. -->","yoast_head_json":{"title":"Contrat d'assurance - r\u00e9vision de la LCA Articles GVA Law","description":"La r\u00e9vision de la Loi sur le contrat d'assurance (LCA) apportera, d\u00e8s le 1er janvier 2022, plusieurs nouveaut\u00e9s en mati\u00e8re d'assurance priv\u00e9e.","robots":{"index":"index","follow":"follow","max-snippet":"max-snippet:-1","max-image-preview":"max-image-preview:large","max-video-preview":"max-video-preview:-1"},"canonical":"https:\/\/www.gvalaw.com\/en\/2020\/12\/02\/contrat-dassurance-revision-de-la-lca\/","og_locale":"en_US","og_type":"article","og_title":"Contrat d'assurance - r\u00e9vision de la LCA Articles GVA Law","og_description":"La r\u00e9vision de la Loi sur le contrat d'assurance (LCA) apportera, d\u00e8s le 1er janvier 2022, plusieurs nouveaut\u00e9s en mati\u00e8re d'assurance priv\u00e9e.","og_url":"https:\/\/www.gvalaw.com\/en\/2020\/12\/02\/contrat-dassurance-revision-de-la-lca\/","og_site_name":"Avocats \u00e0 Gen\u00e8ve | GVA law","article_published_time":"2020-12-02T20:34:47+00:00","article_modified_time":"2021-06-24T14:49:56+00:00","author":"GVA law","twitter_card":"summary_large_image","twitter_misc":{"Written by":"GVA law","Est. reading time":"6 minutes"},"schema":{"@context":"https:\/\/schema.org","@graph":[{"@type":"Article","@id":"https:\/\/www.gvalaw.com\/en\/2020\/12\/02\/contrat-dassurance-revision-de-la-lca\/#article","isPartOf":{"@id":"https:\/\/www.gvalaw.com\/en\/2020\/12\/02\/contrat-dassurance-revision-de-la-lca\/"},"author":{"name":"GVA law","@id":"https:\/\/www.gvalaw.com\/#\/schema\/person\/ccc85da926411bfa1509bc2da35964e9"},"headline":"Contrat d&#8217;assurance &#8211; r\u00e9vision de la LCA","datePublished":"2020-12-02T20:34:47+00:00","dateModified":"2021-06-24T14:49:56+00:00","mainEntityOfPage":{"@id":"https:\/\/www.gvalaw.com\/en\/2020\/12\/02\/contrat-dassurance-revision-de-la-lca\/"},"wordCount":1238,"commentCount":0,"publisher":{"@id":"https:\/\/www.gvalaw.com\/#organization"},"articleSection":["News","Social insurance"],"inLanguage":"en-US","potentialAction":[{"@type":"CommentAction","name":"Comment","target":["https:\/\/www.gvalaw.com\/en\/2020\/12\/02\/contrat-dassurance-revision-de-la-lca\/#respond"]}]},{"@type":"WebPage","@id":"https:\/\/www.gvalaw.com\/en\/2020\/12\/02\/contrat-dassurance-revision-de-la-lca\/","url":"https:\/\/www.gvalaw.com\/en\/2020\/12\/02\/contrat-dassurance-revision-de-la-lca\/","name":"Contrat d'assurance - r\u00e9vision de la LCA Articles GVA Law","isPartOf":{"@id":"https:\/\/www.gvalaw.com\/#website"},"datePublished":"2020-12-02T20:34:47+00:00","dateModified":"2021-06-24T14:49:56+00:00","description":"La r\u00e9vision de la Loi sur le contrat d'assurance (LCA) apportera, d\u00e8s le 1er janvier 2022, plusieurs nouveaut\u00e9s en mati\u00e8re d'assurance priv\u00e9e.","breadcrumb":{"@id":"https:\/\/www.gvalaw.com\/en\/2020\/12\/02\/contrat-dassurance-revision-de-la-lca\/#breadcrumb"},"inLanguage":"en-US","potentialAction":[{"@type":"ReadAction","target":["https:\/\/www.gvalaw.com\/en\/2020\/12\/02\/contrat-dassurance-revision-de-la-lca\/"]}]},{"@type":"BreadcrumbList","@id":"https:\/\/www.gvalaw.com\/en\/2020\/12\/02\/contrat-dassurance-revision-de-la-lca\/#breadcrumb","itemListElement":[{"@type":"ListItem","position":1,"name":"Home","item":"https:\/\/www.gvalaw.com\/en\/home\/"},{"@type":"ListItem","position":2,"name":"Contrat d&#8217;assurance &#8211; r\u00e9vision de la LCA"}]},{"@type":"WebSite","@id":"https:\/\/www.gvalaw.com\/#website","url":"https:\/\/www.gvalaw.com\/","name":"Avocats \u00e0 Gen\u00e8ve | GVA law","description":"avocats gen\u00e8ve, cabinet d&#039;avocats gen\u00e8ve , avocats Gen\u00e8ve","publisher":{"@id":"https:\/\/www.gvalaw.com\/#organization"},"potentialAction":[{"@type":"SearchAction","target":{"@type":"EntryPoint","urlTemplate":"https:\/\/www.gvalaw.com\/?s={search_term_string}"},"query-input":{"@type":"PropertyValueSpecification","valueRequired":true,"valueName":"search_term_string"}}],"inLanguage":"en-US"},{"@type":"Organization","@id":"https:\/\/www.gvalaw.com\/#organization","name":"Avocats \u00e0 Gen\u00e8ve| GVA law","url":"https:\/\/www.gvalaw.com\/","logo":{"@type":"ImageObject","inLanguage":"en-US","@id":"https:\/\/www.gvalaw.com\/#\/schema\/logo\/image\/","url":"https:\/\/www.gvalaw.com\/wp-content\/uploads\/2018\/10\/GVAlaw-logo-retina.png","contentUrl":"https:\/\/www.gvalaw.com\/wp-content\/uploads\/2018\/10\/GVAlaw-logo-retina.png","width":300,"height":112,"caption":"Avocats \u00e0 Gen\u00e8ve| GVA law"},"image":{"@id":"https:\/\/www.gvalaw.com\/#\/schema\/logo\/image\/"}},{"@type":"Person","@id":"https:\/\/www.gvalaw.com\/#\/schema\/person\/ccc85da926411bfa1509bc2da35964e9","name":"GVA law","image":{"@type":"ImageObject","inLanguage":"en-US","@id":"https:\/\/www.gvalaw.com\/#\/schema\/person\/image\/","url":"https:\/\/secure.gravatar.com\/avatar\/dacf38cbca1f0a08c473eb4fcf23752f?s=96&d=mm&r=g","contentUrl":"https:\/\/secure.gravatar.com\/avatar\/dacf38cbca1f0a08c473eb4fcf23752f?s=96&d=mm&r=g","caption":"GVA law"}}]}},"_links":{"self":[{"href":"https:\/\/www.gvalaw.com\/en\/wp-json\/wp\/v2\/posts\/2699"}],"collection":[{"href":"https:\/\/www.gvalaw.com\/en\/wp-json\/wp\/v2\/posts"}],"about":[{"href":"https:\/\/www.gvalaw.com\/en\/wp-json\/wp\/v2\/types\/post"}],"author":[{"embeddable":true,"href":"https:\/\/www.gvalaw.com\/en\/wp-json\/wp\/v2\/users\/7"}],"replies":[{"embeddable":true,"href":"https:\/\/www.gvalaw.com\/en\/wp-json\/wp\/v2\/comments?post=2699"}],"version-history":[{"count":2,"href":"https:\/\/www.gvalaw.com\/en\/wp-json\/wp\/v2\/posts\/2699\/revisions"}],"predecessor-version":[{"id":2757,"href":"https:\/\/www.gvalaw.com\/en\/wp-json\/wp\/v2\/posts\/2699\/revisions\/2757"}],"wp:attachment":[{"href":"https:\/\/www.gvalaw.com\/en\/wp-json\/wp\/v2\/media?parent=2699"}],"wp:term":[{"taxonomy":"category","embeddable":true,"href":"https:\/\/www.gvalaw.com\/en\/wp-json\/wp\/v2\/categories?post=2699"},{"taxonomy":"post_tag","embeddable":true,"href":"https:\/\/www.gvalaw.com\/en\/wp-json\/wp\/v2\/tags?post=2699"}],"curies":[{"name":"wp","href":"https:\/\/api.w.org\/{rel}","templated":true}]}}