{"id":2717,"date":"2021-01-14T11:30:06","date_gmt":"2021-01-14T11:30:06","guid":{"rendered":"https:\/\/gvalaw.com\/?p=2717"},"modified":"2021-06-24T14:46:17","modified_gmt":"2021-06-24T14:46:17","slug":"droit-de-la-prescription-modifications-legislatives","status":"publish","type":"post","link":"https:\/\/www.gvalaw.com\/en\/2021\/01\/14\/droit-de-la-prescription-modifications-legislatives\/","title":{"rendered":"Droit de la prescription &#8211; modifications l\u00e9gislatives"},"content":{"rendered":"<div class=\"fusion-fullwidth fullwidth-box fusion-builder-row-1 fusion-flex-container nonhundred-percent-fullwidth non-hundred-percent-height-scrolling\" style=\"background-color: rgba(255,255,255,0);background-position: center center;background-repeat: no-repeat;border-width: 0px 0px 0px 0px;border-color:#eae9e9;border-style:solid;\" ><div class=\"fusion-builder-row fusion-row fusion-flex-align-items-flex-start\" style=\"max-width:1216.8px;margin-left: calc(-4% \/ 2 );margin-right: calc(-4% \/ 2 );\"><div class=\"fusion-layout-column fusion_builder_column fusion-builder-column-0 fusion_builder_column_1_1 1_1 fusion-flex-column\"><div class=\"fusion-column-wrapper fusion-flex-justify-content-flex-start fusion-content-layout-column\" style=\"background-position:left top;background-repeat:no-repeat;-webkit-background-size:cover;-moz-background-size:cover;-o-background-size:cover;background-size:cover;padding: 0px 0px 0px 0px;\"><div class=\"fusion-text fusion-text-1\"><h3><strong>Contexte :<\/strong><\/h3>\n<p>Le droit de la prescription a \u00e9t\u00e9 modifi\u00e9 de mani\u00e8re importante avec les dispositions du <a href=\"https:\/\/www.admin.ch\/opc\/fr\/classified-compilation\/19110009\/index.html\" target=\"_blank\" rel=\"noopener\">Code des obligations<\/a> entr\u00e9es en vigueur le 1<sup>er<\/sup> janvier 2020. Ces modifications concernent principalement les domaines de la responsabilit\u00e9 civile, de l\u2019enrichissement ill\u00e9gitime et de la responsabilit\u00e9 contractuelle, mais \u00e9galement l\u2019action r\u00e9cursoire et la renonciation \u00e0 invoquer la prescription.<\/p>\n<p>Cette r\u00e9vision fait notamment suite \u00e0 l\u2019arr\u00eat <a href=\"https:\/\/hudoc.echr.coe.int\/fre#{%22fulltext%22:&#091;%22\\%22AFFAIRE%20HOWALD%20MOOR%20ET%20AUTRES%20c.%20SUISSE\\%22%22&#093;,%22documentcollectionid2%22:&#091;%22GRANDCHAMBER%22,%22CHAMBER%22&#093;,%22itemid%22:&#091;%22001-141567%22&#093;}\" target=\"_blank\" rel=\"noopener\"><em>Howald Moor c. Suisse<\/em><\/a>, rendu par la <a href=\"https:\/\/www.echr.coe.int\/Pages\/home.aspx?p=home&amp;c=fre\" target=\"_blank\" rel=\"noopener\">Cour europ\u00e9enne des droits de l\u2019homme<\/a> le 11 mars 2014. L\u2019affaire concerne un ouvrier expos\u00e9 \u00e0 l\u2019amiante sur son lieu de travail entre 1966 et 1978, \u00e0 qui une forme grave de cancer a par la suite \u00e9t\u00e9 diagnostiqu\u00e9e en 2004 et qui a alors ouvert action en justice contre son employeur. Sa demande fut rejet\u00e9e, car ses pr\u00e9tentions \u00e9taient prescrites en application du droit suisse.<\/p>\n<p>Ce type d\u2019action en responsabilit\u00e9 \u00e9tait en effet soumis \u00e0 un d\u00e9lai absolu de dix ans sous l\u2019ancien droit, lequel commen\u00e7ait \u00e0 courir d\u00e8s le moment o\u00f9 le fait dommageable s\u2019\u00e9tait produit ou avait cess\u00e9. En l\u2019occurrence, l\u2019exposition \u00e0 l\u2019amiante a pris fin en 1978\u00a0; la prescription \u00e9tait donc acquise en 1988.<\/p>\n<p>Dans son arr\u00eat, la Cour condamne la Suisse pour violation du droit d\u2019acc\u00e8s \u00e0 un tribunal (article 6 \u00a7 1 de la <a href=\"https:\/\/www.admin.ch\/opc\/fr\/classified-compilation\/19500267\/index.html\" target=\"_blank\" rel=\"noopener\">Convention europ\u00e9enne des droits de l\u2019homme<\/a>), consid\u00e9rant que les victimes de maladies caus\u00e9es par l\u2019exposition \u00e0 des substances toxiques ne peuvent en g\u00e9n\u00e9ral \u00eatre diagnostiqu\u00e9es que de longues ann\u00e9es apr\u00e8s les faits.<\/p>\n<p>Cet arr\u00eat illustre la probl\u00e9matique des dommages diff\u00e9r\u00e9s, soit les dommages survenant longtemps apr\u00e8s l\u2019\u00e9v\u00e9nement \u00e0 leur origine. La r\u00e9vision du droit de la prescription a pour but principal d\u2019allonger les d\u00e9lais de prescription en cas de mort d\u2019homme ou de l\u00e9sions corporelles.<\/p>\n<h3><strong>Aper\u00e7u des modifications principales<\/strong><\/h3>\n<p>Le droit de la prescription a tout d&#8217;abord \u00e9t\u00e9 modifi\u00e9 en mati\u00e8re de responsabilit\u00e9 civile. Il existe dans ce domaine deux types de d\u00e9lais : d\u2019une part un d\u00e9lai <em>absolu <\/em>(dont il \u00e9tait question dans l\u2019arr\u00eat <em>Moor<\/em>), qui court d\u00e8s le moment o\u00f9 le fait dommageable s\u2019est produit\u00a0; d\u2019autre part un d\u00e9lai <em>relatif<\/em>, qui court \u00e0 partir du moment o\u00f9 la victime a eu connaissance de son dommage et de la personne tenue \u00e0 r\u00e9paration.<\/p>\n<p>Avec la r\u00e9vision, le d\u00e9lai absolu en cas de mort d\u2019homme ou de l\u00e9sions corporelles est pass\u00e9 de 10 ans \u00e0 20 ans en mati\u00e8re de responsabilit\u00e9 civile (art. 60 CO).<\/p>\n<p>Le d\u00e9lai relatif a quant \u00e0 lui \u00e9t\u00e9 port\u00e9 d\u2019un an \u00e0 trois ans en mati\u00e8re de responsabilit\u00e9 civile (art. 60 CO), mais aussi en mati\u00e8re d\u2019enrichissement ill\u00e9gitime (art. 67 CO).<\/p>\n<p>Enfin, un d\u00e9lai absolu de 20 ans, ainsi qu\u2019un d\u00e9lai relatif de trois ans ont \u00e9galement \u00e9t\u00e9 introduit en cas de mort d\u2019homme ou de l\u00e9sions corporelles r\u00e9sultant d\u2019une faute contractuelle (art. 128<em>a<\/em> CO).<\/p>\n<h3><strong>Autres modifications<\/strong><\/h3>\n<p>Le droit de la prescription a en outre subi des modifications sur d&#8217;autres points. On peut citer les changements suivants :<\/p>\n<ul>\n<li>En mati\u00e8re d\u2019action r\u00e9cursoire, lorsque plusieurs personnes r\u00e9pondent solidairement, le recours de celui qui a indemnis\u00e9 le cr\u00e9ancier se prescrit d\u00e9sormais par trois ans \u00e0 compter du jour o\u00f9 il a indemnis\u00e9 ce dernier et o\u00f9 il conna\u00eet le cod\u00e9biteur (art. 139 CO).<\/li>\n<\/ul>\n<ul>\n<li>L\u2019art. 134 CO r\u00e8gle les cas de suspension de la prescription.<\/li>\n<\/ul>\n<ul>\n<li>\u00c0 l\u2019alin\u00e9a 1, chiffre 6, l\u2019ancienne version de cet article pr\u00e9voyait que la prescription ne courait pas\u00a0tant qu\u2019il \u00e9tait impossible pour des raisons objectives, de faire valoir la cr\u00e9ance devant un tribunal <em>suisse<\/em>. L\u2019adjectif \u00ab suisse\u00a0\u00bb a \u00e9t\u00e9 supprim\u00e9 dans la nouvelle version, de sorte que le cr\u00e9ancier devra dor\u00e9navant v\u00e9rifier qu\u2019il ne dispose pas d\u2019un for \u00e0 l\u2019\u00e9tranger pour actionner son d\u00e9biteur.<\/li>\n<\/ul>\n<ul>\n<li>Une v\u00e9ritable nouveaut\u00e9 r\u00e9side par ailleurs dans le chiffre 8 de cette disposition, qui pr\u00e9voit que <em>\u00ab\u00a0la prescription est suspendue\u00a0pendant les discussions en vue d\u2019une transaction, pendant une m\u00e9diation ou pendant toute autre proc\u00e9dure extrajudiciaire visant la r\u00e9solution d\u2019un litige, si les parties en sont convenues par \u00e9crit\u00a0\u00bb<\/em>.<\/li>\n<\/ul>\n<ul>\n<li>La renonciation \u00e0 invoquer la prescription (art. 141 CO) a \u00e9galement subi quelques modifications. Il n\u2019est d\u00e9sormais plus possible de renoncer \u00e0 la prescription <em>avant<\/em> que celle-ci ait commenc\u00e9 \u00e0 courir (al. 1). La forme \u00e9crite, d\u00e9j\u00e0 tr\u00e8s r\u00e9pandue en pratique, est d\u00e9sormais exig\u00e9e par la loi (al. 1<sup>bis<\/sup>). En lien avec l\u2019art. 136 al. 4 CO, il est par ailleurs pr\u00e9cis\u00e9 que la renonciation faite par le d\u00e9biteur est opposable \u00e0 l\u2019assureur et inversement, s\u2019il existe un droit d\u2019action directe contre ce dernier.<\/li>\n<\/ul>\n<h3><strong>D\u00e9lais ordinaires<\/strong><\/h3>\n<p>Les d\u00e9lais ordinaires de prescription des articles art. 127 CO et 128 CO demeurent inchang\u00e9s, soit 10 ans et 20 ans respectivement.<\/p>\n<p>L\u2019\u00c9tude GVA law vous assiste dans le cadre de ces modifications l\u00e9gislatives. Nos avocats se tiennent \u00e0 votre disposition pour toute question.<\/p>\n<p><a href=\"https:\/\/gvalaw.com\" target=\"_blank\" rel=\"noopener\">GVA law<\/a><br \/>\n<a href=\"tel:0041228394466\" target=\"_blank\" rel=\"noopener\">+41 22 839 44 66<\/a><br \/>\n<a href=\"mailto:info@gvalaw.com\">info@gvalaw.com<\/a><\/p>\n<\/div><\/div><style type=\"text\/css\">.fusion-body .fusion-builder-column-0{width:100% !important;margin-top : 0px;margin-bottom : 20px;}.fusion-builder-column-0 > .fusion-column-wrapper {padding-top : 0px !important;padding-right : 0px !important;margin-right : 1.92%;padding-bottom : 0px !important;padding-left : 0px !important;margin-left : 1.92%;}@media only screen and (max-width:1024px) {.fusion-body .fusion-builder-column-0{width:100% !important;order : 0;}.fusion-builder-column-0 > .fusion-column-wrapper {margin-right : 1.92%;margin-left : 1.92%;}}@media only screen and (max-width:850px) {.fusion-body .fusion-builder-column-0{width:100% !important;order : 0;}.fusion-builder-column-0 > .fusion-column-wrapper {margin-right : 1.92%;margin-left : 1.92%;}}<\/style><\/div><\/div><style type=\"text\/css\">.fusion-body .fusion-flex-container.fusion-builder-row-1{ padding-top : 0px;margin-top : 0px;padding-right : 0px;padding-bottom : 0px;margin-bottom : 0px;padding-left : 0px;}<\/style><\/div>\n","protected":false},"excerpt":{"rendered":"","protected":false},"author":7,"featured_media":0,"comment_status":"open","ping_status":"open","sticky":false,"template":"","format":"standard","meta":{"footnotes":""},"categories":[110],"tags":[],"yoast_head":"<!-- This site is optimized with the Yoast SEO plugin v23.5 - https:\/\/yoast.com\/wordpress\/plugins\/seo\/ -->\n<title>Droit de la prescription - modifications l\u00e9gislatives Articles GVA Law<\/title>\n<meta name=\"description\" content=\"Le droit de la prescription a \u00e9t\u00e9 fortement modifi\u00e9 en 2020, avec l&#039;entr\u00e9e en vigueur de nouvelles dispositions du Code des obligations.\" \/>\n<meta name=\"robots\" content=\"index, follow, max-snippet:-1, max-image-preview:large, max-video-preview:-1\" \/>\n<link rel=\"canonical\" href=\"https:\/\/www.gvalaw.com\/en\/2021\/01\/14\/droit-de-la-prescription-modifications-legislatives\/\" \/>\n<meta property=\"og:locale\" content=\"en_US\" \/>\n<meta property=\"og:type\" content=\"article\" \/>\n<meta property=\"og:title\" content=\"Droit de la prescription - modifications l\u00e9gislatives Articles GVA Law\" \/>\n<meta property=\"og:description\" content=\"Le droit de la prescription a \u00e9t\u00e9 fortement modifi\u00e9 en 2020, avec l&#039;entr\u00e9e en vigueur de nouvelles dispositions du Code des obligations.\" \/>\n<meta property=\"og:url\" content=\"https:\/\/www.gvalaw.com\/en\/2021\/01\/14\/droit-de-la-prescription-modifications-legislatives\/\" \/>\n<meta property=\"og:site_name\" content=\"Avocats \u00e0 Gen\u00e8ve | GVA law\" \/>\n<meta property=\"article:published_time\" content=\"2021-01-14T11:30:06+00:00\" \/>\n<meta property=\"article:modified_time\" content=\"2021-06-24T14:46:17+00:00\" \/>\n<meta name=\"author\" content=\"GVA law\" \/>\n<meta name=\"twitter:card\" content=\"summary_large_image\" \/>\n<meta name=\"twitter:label1\" content=\"Written by\" \/>\n\t<meta name=\"twitter:data1\" content=\"GVA law\" \/>\n\t<meta name=\"twitter:label2\" content=\"Est. reading time\" \/>\n\t<meta name=\"twitter:data2\" content=\"7 minutes\" \/>\n<script type=\"application\/ld+json\" class=\"yoast-schema-graph\">{\"@context\":\"https:\/\/schema.org\",\"@graph\":[{\"@type\":\"Article\",\"@id\":\"https:\/\/www.gvalaw.com\/en\/2021\/01\/14\/droit-de-la-prescription-modifications-legislatives\/#article\",\"isPartOf\":{\"@id\":\"https:\/\/www.gvalaw.com\/en\/2021\/01\/14\/droit-de-la-prescription-modifications-legislatives\/\"},\"author\":{\"name\":\"GVA law\",\"@id\":\"https:\/\/www.gvalaw.com\/#\/schema\/person\/ccc85da926411bfa1509bc2da35964e9\"},\"headline\":\"Droit de la prescription &#8211; modifications l\u00e9gislatives\",\"datePublished\":\"2021-01-14T11:30:06+00:00\",\"dateModified\":\"2021-06-24T14:46:17+00:00\",\"mainEntityOfPage\":{\"@id\":\"https:\/\/www.gvalaw.com\/en\/2021\/01\/14\/droit-de-la-prescription-modifications-legislatives\/\"},\"wordCount\":1456,\"commentCount\":0,\"publisher\":{\"@id\":\"https:\/\/www.gvalaw.com\/#organization\"},\"articleSection\":[\"News\"],\"inLanguage\":\"en-US\",\"potentialAction\":[{\"@type\":\"CommentAction\",\"name\":\"Comment\",\"target\":[\"https:\/\/www.gvalaw.com\/en\/2021\/01\/14\/droit-de-la-prescription-modifications-legislatives\/#respond\"]}]},{\"@type\":\"WebPage\",\"@id\":\"https:\/\/www.gvalaw.com\/en\/2021\/01\/14\/droit-de-la-prescription-modifications-legislatives\/\",\"url\":\"https:\/\/www.gvalaw.com\/en\/2021\/01\/14\/droit-de-la-prescription-modifications-legislatives\/\",\"name\":\"Droit de la prescription - modifications l\u00e9gislatives Articles GVA Law\",\"isPartOf\":{\"@id\":\"https:\/\/www.gvalaw.com\/#website\"},\"datePublished\":\"2021-01-14T11:30:06+00:00\",\"dateModified\":\"2021-06-24T14:46:17+00:00\",\"description\":\"Le droit de la prescription a \u00e9t\u00e9 fortement modifi\u00e9 en 2020, avec l'entr\u00e9e en vigueur de nouvelles dispositions du Code des obligations.\",\"breadcrumb\":{\"@id\":\"https:\/\/www.gvalaw.com\/en\/2021\/01\/14\/droit-de-la-prescription-modifications-legislatives\/#breadcrumb\"},\"inLanguage\":\"en-US\",\"potentialAction\":[{\"@type\":\"ReadAction\",\"target\":[\"https:\/\/www.gvalaw.com\/en\/2021\/01\/14\/droit-de-la-prescription-modifications-legislatives\/\"]}]},{\"@type\":\"BreadcrumbList\",\"@id\":\"https:\/\/www.gvalaw.com\/en\/2021\/01\/14\/droit-de-la-prescription-modifications-legislatives\/#breadcrumb\",\"itemListElement\":[{\"@type\":\"ListItem\",\"position\":1,\"name\":\"Home\",\"item\":\"https:\/\/www.gvalaw.com\/en\/home\/\"},{\"@type\":\"ListItem\",\"position\":2,\"name\":\"Droit de la prescription &#8211; modifications l\u00e9gislatives\"}]},{\"@type\":\"WebSite\",\"@id\":\"https:\/\/www.gvalaw.com\/#website\",\"url\":\"https:\/\/www.gvalaw.com\/\",\"name\":\"Avocats \u00e0 Gen\u00e8ve | GVA law\",\"description\":\"avocats gen\u00e8ve, cabinet d&#039;avocats gen\u00e8ve , avocats Gen\u00e8ve\",\"publisher\":{\"@id\":\"https:\/\/www.gvalaw.com\/#organization\"},\"potentialAction\":[{\"@type\":\"SearchAction\",\"target\":{\"@type\":\"EntryPoint\",\"urlTemplate\":\"https:\/\/www.gvalaw.com\/?s={search_term_string}\"},\"query-input\":{\"@type\":\"PropertyValueSpecification\",\"valueRequired\":true,\"valueName\":\"search_term_string\"}}],\"inLanguage\":\"en-US\"},{\"@type\":\"Organization\",\"@id\":\"https:\/\/www.gvalaw.com\/#organization\",\"name\":\"Avocats \u00e0 Gen\u00e8ve| GVA law\",\"url\":\"https:\/\/www.gvalaw.com\/\",\"logo\":{\"@type\":\"ImageObject\",\"inLanguage\":\"en-US\",\"@id\":\"https:\/\/www.gvalaw.com\/#\/schema\/logo\/image\/\",\"url\":\"https:\/\/www.gvalaw.com\/wp-content\/uploads\/2018\/10\/GVAlaw-logo-retina.png\",\"contentUrl\":\"https:\/\/www.gvalaw.com\/wp-content\/uploads\/2018\/10\/GVAlaw-logo-retina.png\",\"width\":300,\"height\":112,\"caption\":\"Avocats \u00e0 Gen\u00e8ve| GVA law\"},\"image\":{\"@id\":\"https:\/\/www.gvalaw.com\/#\/schema\/logo\/image\/\"}},{\"@type\":\"Person\",\"@id\":\"https:\/\/www.gvalaw.com\/#\/schema\/person\/ccc85da926411bfa1509bc2da35964e9\",\"name\":\"GVA law\",\"image\":{\"@type\":\"ImageObject\",\"inLanguage\":\"en-US\",\"@id\":\"https:\/\/www.gvalaw.com\/#\/schema\/person\/image\/\",\"url\":\"https:\/\/secure.gravatar.com\/avatar\/dacf38cbca1f0a08c473eb4fcf23752f?s=96&d=mm&r=g\",\"contentUrl\":\"https:\/\/secure.gravatar.com\/avatar\/dacf38cbca1f0a08c473eb4fcf23752f?s=96&d=mm&r=g\",\"caption\":\"GVA law\"}}]}<\/script>\n<!-- \/ Yoast SEO plugin. -->","yoast_head_json":{"title":"Droit de la prescription - modifications l\u00e9gislatives Articles GVA Law","description":"Le droit de la prescription a \u00e9t\u00e9 fortement modifi\u00e9 en 2020, avec l'entr\u00e9e en vigueur de nouvelles dispositions du Code des obligations.","robots":{"index":"index","follow":"follow","max-snippet":"max-snippet:-1","max-image-preview":"max-image-preview:large","max-video-preview":"max-video-preview:-1"},"canonical":"https:\/\/www.gvalaw.com\/en\/2021\/01\/14\/droit-de-la-prescription-modifications-legislatives\/","og_locale":"en_US","og_type":"article","og_title":"Droit de la prescription - modifications l\u00e9gislatives Articles GVA Law","og_description":"Le droit de la prescription a \u00e9t\u00e9 fortement modifi\u00e9 en 2020, avec l'entr\u00e9e en vigueur de nouvelles dispositions du Code des obligations.","og_url":"https:\/\/www.gvalaw.com\/en\/2021\/01\/14\/droit-de-la-prescription-modifications-legislatives\/","og_site_name":"Avocats \u00e0 Gen\u00e8ve | GVA law","article_published_time":"2021-01-14T11:30:06+00:00","article_modified_time":"2021-06-24T14:46:17+00:00","author":"GVA law","twitter_card":"summary_large_image","twitter_misc":{"Written by":"GVA law","Est. reading time":"7 minutes"},"schema":{"@context":"https:\/\/schema.org","@graph":[{"@type":"Article","@id":"https:\/\/www.gvalaw.com\/en\/2021\/01\/14\/droit-de-la-prescription-modifications-legislatives\/#article","isPartOf":{"@id":"https:\/\/www.gvalaw.com\/en\/2021\/01\/14\/droit-de-la-prescription-modifications-legislatives\/"},"author":{"name":"GVA law","@id":"https:\/\/www.gvalaw.com\/#\/schema\/person\/ccc85da926411bfa1509bc2da35964e9"},"headline":"Droit de la prescription &#8211; modifications l\u00e9gislatives","datePublished":"2021-01-14T11:30:06+00:00","dateModified":"2021-06-24T14:46:17+00:00","mainEntityOfPage":{"@id":"https:\/\/www.gvalaw.com\/en\/2021\/01\/14\/droit-de-la-prescription-modifications-legislatives\/"},"wordCount":1456,"commentCount":0,"publisher":{"@id":"https:\/\/www.gvalaw.com\/#organization"},"articleSection":["News"],"inLanguage":"en-US","potentialAction":[{"@type":"CommentAction","name":"Comment","target":["https:\/\/www.gvalaw.com\/en\/2021\/01\/14\/droit-de-la-prescription-modifications-legislatives\/#respond"]}]},{"@type":"WebPage","@id":"https:\/\/www.gvalaw.com\/en\/2021\/01\/14\/droit-de-la-prescription-modifications-legislatives\/","url":"https:\/\/www.gvalaw.com\/en\/2021\/01\/14\/droit-de-la-prescription-modifications-legislatives\/","name":"Droit de la prescription - modifications l\u00e9gislatives Articles GVA Law","isPartOf":{"@id":"https:\/\/www.gvalaw.com\/#website"},"datePublished":"2021-01-14T11:30:06+00:00","dateModified":"2021-06-24T14:46:17+00:00","description":"Le droit de la prescription a \u00e9t\u00e9 fortement modifi\u00e9 en 2020, avec l'entr\u00e9e en vigueur de nouvelles dispositions du Code des obligations.","breadcrumb":{"@id":"https:\/\/www.gvalaw.com\/en\/2021\/01\/14\/droit-de-la-prescription-modifications-legislatives\/#breadcrumb"},"inLanguage":"en-US","potentialAction":[{"@type":"ReadAction","target":["https:\/\/www.gvalaw.com\/en\/2021\/01\/14\/droit-de-la-prescription-modifications-legislatives\/"]}]},{"@type":"BreadcrumbList","@id":"https:\/\/www.gvalaw.com\/en\/2021\/01\/14\/droit-de-la-prescription-modifications-legislatives\/#breadcrumb","itemListElement":[{"@type":"ListItem","position":1,"name":"Home","item":"https:\/\/www.gvalaw.com\/en\/home\/"},{"@type":"ListItem","position":2,"name":"Droit de la prescription &#8211; modifications l\u00e9gislatives"}]},{"@type":"WebSite","@id":"https:\/\/www.gvalaw.com\/#website","url":"https:\/\/www.gvalaw.com\/","name":"Avocats \u00e0 Gen\u00e8ve | GVA law","description":"avocats gen\u00e8ve, cabinet d&#039;avocats gen\u00e8ve , avocats Gen\u00e8ve","publisher":{"@id":"https:\/\/www.gvalaw.com\/#organization"},"potentialAction":[{"@type":"SearchAction","target":{"@type":"EntryPoint","urlTemplate":"https:\/\/www.gvalaw.com\/?s={search_term_string}"},"query-input":{"@type":"PropertyValueSpecification","valueRequired":true,"valueName":"search_term_string"}}],"inLanguage":"en-US"},{"@type":"Organization","@id":"https:\/\/www.gvalaw.com\/#organization","name":"Avocats \u00e0 Gen\u00e8ve| GVA law","url":"https:\/\/www.gvalaw.com\/","logo":{"@type":"ImageObject","inLanguage":"en-US","@id":"https:\/\/www.gvalaw.com\/#\/schema\/logo\/image\/","url":"https:\/\/www.gvalaw.com\/wp-content\/uploads\/2018\/10\/GVAlaw-logo-retina.png","contentUrl":"https:\/\/www.gvalaw.com\/wp-content\/uploads\/2018\/10\/GVAlaw-logo-retina.png","width":300,"height":112,"caption":"Avocats \u00e0 Gen\u00e8ve| GVA law"},"image":{"@id":"https:\/\/www.gvalaw.com\/#\/schema\/logo\/image\/"}},{"@type":"Person","@id":"https:\/\/www.gvalaw.com\/#\/schema\/person\/ccc85da926411bfa1509bc2da35964e9","name":"GVA law","image":{"@type":"ImageObject","inLanguage":"en-US","@id":"https:\/\/www.gvalaw.com\/#\/schema\/person\/image\/","url":"https:\/\/secure.gravatar.com\/avatar\/dacf38cbca1f0a08c473eb4fcf23752f?s=96&d=mm&r=g","contentUrl":"https:\/\/secure.gravatar.com\/avatar\/dacf38cbca1f0a08c473eb4fcf23752f?s=96&d=mm&r=g","caption":"GVA law"}}]}},"_links":{"self":[{"href":"https:\/\/www.gvalaw.com\/en\/wp-json\/wp\/v2\/posts\/2717"}],"collection":[{"href":"https:\/\/www.gvalaw.com\/en\/wp-json\/wp\/v2\/posts"}],"about":[{"href":"https:\/\/www.gvalaw.com\/en\/wp-json\/wp\/v2\/types\/post"}],"author":[{"embeddable":true,"href":"https:\/\/www.gvalaw.com\/en\/wp-json\/wp\/v2\/users\/7"}],"replies":[{"embeddable":true,"href":"https:\/\/www.gvalaw.com\/en\/wp-json\/wp\/v2\/comments?post=2717"}],"version-history":[{"count":3,"href":"https:\/\/www.gvalaw.com\/en\/wp-json\/wp\/v2\/posts\/2717\/revisions"}],"predecessor-version":[{"id":2753,"href":"https:\/\/www.gvalaw.com\/en\/wp-json\/wp\/v2\/posts\/2717\/revisions\/2753"}],"wp:attachment":[{"href":"https:\/\/www.gvalaw.com\/en\/wp-json\/wp\/v2\/media?parent=2717"}],"wp:term":[{"taxonomy":"category","embeddable":true,"href":"https:\/\/www.gvalaw.com\/en\/wp-json\/wp\/v2\/categories?post=2717"},{"taxonomy":"post_tag","embeddable":true,"href":"https:\/\/www.gvalaw.com\/en\/wp-json\/wp\/v2\/tags?post=2717"}],"curies":[{"name":"wp","href":"https:\/\/api.w.org\/{rel}","templated":true}]}}